{"id":593,"date":"2026-04-28T16:25:16","date_gmt":"2026-04-28T14:25:16","guid":{"rendered":"https:\/\/testsystem.meisel-webdesign.de\/leerstelle\/?p=593"},"modified":"2026-04-28T16:25:17","modified_gmt":"2026-04-28T14:25:17","slug":"aufklaeren-und-einmischen-der-nsu-komplex-und-der-muenchener-prozess","status":"publish","type":"post","link":"https:\/\/testsystem.meisel-webdesign.de\/leerstelle\/2026\/04\/28\/aufklaeren-und-einmischen-der-nsu-komplex-und-der-muenchener-prozess\/","title":{"rendered":"Aufkl\u00e4ren und einmischen &#8211; Der NSU-Komplex und der M\u00fcnchener Prozess"},"content":{"rendered":"\n<p>Im November 2011 beschlossen antifaschistische Initiativen und Einzelpersonen, die Arbeit am NSU-Komplex zu verstetigen, und gr\u00fcndeten \u00bbNSU-Watch\u00ab. Mehr als ein Jahrzehnt sp\u00e4ter ist die Aufarbeitung des NSU-Komplexes noch lange nicht abgeschlossen, die Gefahr des rechten Terrors bleibt schrecklich aktuell.<br>Das zentrale Anliegen des Buches von NSU-Watch ist, die rassistischen Strukturen, die den NSU hervorbrachten, ihn wissentlich oder unwissentlich unterst\u00fctzten, entlang der Geschehnisse und Akteur*innen des NSU-Prozesses in M\u00fcnchen aufzuzeigen.<br>NSU-Watch beobachtet weiterhin Prozesse und Untersuchungsaussch\u00fcsse und fragt im Nachwort zur \u00fcberarbeiteten Neuausgabe: Was kann die Praxis der Prozessbeobachtung den immer wiederkehrenden rechten Mobilisierungen entgegensetzen und was nicht?<\/p>\n","protected":false},"excerpt":{"rendered":"<p>&#8222;&#8218;NSU-Watch&#8216; lebt herausragend vor, was lebendige, wache und engagierte zivilgesellschaftliche Organisationen mittels des Internets in der Lage sind zu tun: Missst\u00e4nde best\u00e4ndig festhalten und die \u00d6ffentlichkeit transparent dar\u00fcber informieren.&#8220; &#8211; Jury des Grimme Online Awards, 2020<\/p>\n","protected":false},"author":8,"featured_media":492,"comment_status":"closed","ping_status":"closed","sticky":false,"template":"","format":"standard","meta":{"_acf_changed":false,"footnotes":""},"categories":[6],"tags":[17,41,51,62,61],"shortcuts":[],"class_list":["post-593","post","type-post","status-publish","format-standard","has-post-thumbnail","hentry","category-buch","tag-diskriminierungskritische-bildung","tag-forschung","tag-gesellschaft","tag-subversion","tag-zeitgenossenschaft"],"acf":[],"_links":{"self":[{"href":"https:\/\/testsystem.meisel-webdesign.de\/leerstelle\/wp-json\/wp\/v2\/posts\/593","targetHints":{"allow":["GET"]}}],"collection":[{"href":"https:\/\/testsystem.meisel-webdesign.de\/leerstelle\/wp-json\/wp\/v2\/posts"}],"about":[{"href":"https:\/\/testsystem.meisel-webdesign.de\/leerstelle\/wp-json\/wp\/v2\/types\/post"}],"author":[{"embeddable":true,"href":"https:\/\/testsystem.meisel-webdesign.de\/leerstelle\/wp-json\/wp\/v2\/users\/8"}],"replies":[{"embeddable":true,"href":"https:\/\/testsystem.meisel-webdesign.de\/leerstelle\/wp-json\/wp\/v2\/comments?post=593"}],"version-history":[{"count":1,"href":"https:\/\/testsystem.meisel-webdesign.de\/leerstelle\/wp-json\/wp\/v2\/posts\/593\/revisions"}],"predecessor-version":[{"id":594,"href":"https:\/\/testsystem.meisel-webdesign.de\/leerstelle\/wp-json\/wp\/v2\/posts\/593\/revisions\/594"}],"wp:featuredmedia":[{"embeddable":true,"href":"https:\/\/testsystem.meisel-webdesign.de\/leerstelle\/wp-json\/wp\/v2\/media\/492"}],"wp:attachment":[{"href":"https:\/\/testsystem.meisel-webdesign.de\/leerstelle\/wp-json\/wp\/v2\/media?parent=593"}],"wp:term":[{"taxonomy":"category","embeddable":true,"href":"https:\/\/testsystem.meisel-webdesign.de\/leerstelle\/wp-json\/wp\/v2\/categories?post=593"},{"taxonomy":"post_tag","embeddable":true,"href":"https:\/\/testsystem.meisel-webdesign.de\/leerstelle\/wp-json\/wp\/v2\/tags?post=593"},{"taxonomy":"shortcuts","embeddable":true,"href":"https:\/\/testsystem.meisel-webdesign.de\/leerstelle\/wp-json\/wp\/v2\/shortcuts?post=593"}],"curies":[{"name":"wp","href":"https:\/\/api.w.org\/{rel}","templated":true}]}}