{"id":589,"date":"2026-04-28T16:19:44","date_gmt":"2026-04-28T14:19:44","guid":{"rendered":"https:\/\/testsystem.meisel-webdesign.de\/leerstelle\/?p=589"},"modified":"2026-04-28T16:19:44","modified_gmt":"2026-04-28T14:19:44","slug":"sprache-und-sein","status":"publish","type":"post","link":"https:\/\/testsystem.meisel-webdesign.de\/leerstelle\/2026\/04\/28\/sprache-und-sein\/","title":{"rendered":"Sprache und Sein"},"content":{"rendered":"\n<p>Dieses Zitat von Ludwig Wittgenstein wird von K\u00fcbra G\u00fcm\u00fc\u015fay im Eingangskapitel ihres Buches \u201eSprache und Sein\u201c aufgegriffen. Denn auch ihr geht es um die Begrenztheit der eigenen Wahrnehmung und die Ausgrenzung anderer durch den allt\u00e4glichen Sprachgebrauch.<br>In ihrem ersten Buch geht die Autorin der Frage nach, wie Sprache unser Denken pr\u00e4gt und unsere Politik bestimmt. Sie zeigt, wie Menschen als Individuen unsichtbar werden, wenn sie immer als Teil einer Gruppe gesehen werden \u2013 und sich nur als solche \u00e4u\u00dfern d\u00fcrfen. Doch wie k\u00f6nnen Menschen wirklich als Menschen sprechen? Und wie k\u00f6nnen wir alle \u2013 in einer Zeit der immer h\u00e4rteren, hasserf\u00fcllten Diskurse \u2013 anders miteinander kommunizieren?<\/p>\n","protected":false},"excerpt":{"rendered":"<p>\u201eDie Grenzen meiner Sprache bedeuten die Grenzen meiner Welt!\u201c &#8211; Ludwig Wittgenstein, 1921<\/p>\n","protected":false},"author":8,"featured_media":490,"comment_status":"closed","ping_status":"closed","sticky":false,"template":"","format":"standard","meta":{"_acf_changed":false,"footnotes":""},"categories":[6],"tags":[51,42,43,44,55],"shortcuts":[161],"class_list":["post-589","post","type-post","status-publish","format-standard","has-post-thumbnail","hentry","category-buch","tag-gesellschaft","tag-identitaet","tag-inklusion","tag-kollaboration","tag-subjekt","shortcuts-gemeinsame-fachbibliothek-sozialwissenschaften-soziologie"],"acf":[],"_links":{"self":[{"href":"https:\/\/testsystem.meisel-webdesign.de\/leerstelle\/wp-json\/wp\/v2\/posts\/589","targetHints":{"allow":["GET"]}}],"collection":[{"href":"https:\/\/testsystem.meisel-webdesign.de\/leerstelle\/wp-json\/wp\/v2\/posts"}],"about":[{"href":"https:\/\/testsystem.meisel-webdesign.de\/leerstelle\/wp-json\/wp\/v2\/types\/post"}],"author":[{"embeddable":true,"href":"https:\/\/testsystem.meisel-webdesign.de\/leerstelle\/wp-json\/wp\/v2\/users\/8"}],"replies":[{"embeddable":true,"href":"https:\/\/testsystem.meisel-webdesign.de\/leerstelle\/wp-json\/wp\/v2\/comments?post=589"}],"version-history":[{"count":1,"href":"https:\/\/testsystem.meisel-webdesign.de\/leerstelle\/wp-json\/wp\/v2\/posts\/589\/revisions"}],"predecessor-version":[{"id":590,"href":"https:\/\/testsystem.meisel-webdesign.de\/leerstelle\/wp-json\/wp\/v2\/posts\/589\/revisions\/590"}],"wp:featuredmedia":[{"embeddable":true,"href":"https:\/\/testsystem.meisel-webdesign.de\/leerstelle\/wp-json\/wp\/v2\/media\/490"}],"wp:attachment":[{"href":"https:\/\/testsystem.meisel-webdesign.de\/leerstelle\/wp-json\/wp\/v2\/media?parent=589"}],"wp:term":[{"taxonomy":"category","embeddable":true,"href":"https:\/\/testsystem.meisel-webdesign.de\/leerstelle\/wp-json\/wp\/v2\/categories?post=589"},{"taxonomy":"post_tag","embeddable":true,"href":"https:\/\/testsystem.meisel-webdesign.de\/leerstelle\/wp-json\/wp\/v2\/tags?post=589"},{"taxonomy":"shortcuts","embeddable":true,"href":"https:\/\/testsystem.meisel-webdesign.de\/leerstelle\/wp-json\/wp\/v2\/shortcuts?post=589"}],"curies":[{"name":"wp","href":"https:\/\/api.w.org\/{rel}","templated":true}]}}