{"id":579,"date":"2026-04-26T15:27:21","date_gmt":"2026-04-26T13:27:21","guid":{"rendered":"https:\/\/testsystem.meisel-webdesign.de\/leerstelle\/?p=579"},"modified":"2026-04-26T15:27:21","modified_gmt":"2026-04-26T13:27:21","slug":"globalisierung-hierarchisierung-kulturelle-dominanzen-in-kunst-und-kunstgeschichte","status":"publish","type":"post","link":"https:\/\/testsystem.meisel-webdesign.de\/leerstelle\/2026\/04\/26\/globalisierung-hierarchisierung-kulturelle-dominanzen-in-kunst-und-kunstgeschichte\/","title":{"rendered":"Globalisierung\/Hierarchisierung.Kulturelle Dominanzen in Kunst und Kunstgeschichte"},"content":{"rendered":"\n<p>Reflexionen \u00fcber kulturelle Hierarchien in einem Kunstbetrieb, der die Prozesse \u00f6konomischer Globalisierung und elektronischer Vernetzung begleitet, bestimmen den aktuellen Kunstdiskurs ganz wesentlich. Die um Gro\u00dfausstellungen wie Biennalen und Documenta gef\u00fchrten Diskussionen sind dessen sichtbarster Ausdruck. Nicht nur f\u00fcr die Kunst, sondern auch f\u00fcr die Kunstgeschichte stellt sich damit die Anforderung, den eigenen Kanon und dessen Bedingungen im Kontext weltweiter kultureller Produktion neu zu denken.<\/p>\n\n\n\n<p><\/p>\n","protected":false},"excerpt":{"rendered":"<p>\u00bbDies betrifft sowohl den Umgang mit Ph\u00e4nomenen einer so genannten &#8222;global art&#8220; im aktuellen Kunstbetrieb als auch die durch eine europ\u00e4ische Sicht gepr\u00e4gte kunsthistorische Perspektive auf vergangene Epochen&#8230;\u00ab &#8211; Below\/ von Bismarck, 2005<\/p>\n","protected":false},"author":8,"featured_media":485,"comment_status":"closed","ping_status":"closed","sticky":false,"template":"","format":"standard","meta":{"_acf_changed":false,"footnotes":""},"categories":[6],"tags":[173,148,153,174,171,172,130],"shortcuts":[166],"class_list":["post-579","post","type-post","status-publish","format-standard","has-post-thumbnail","hentry","category-buch","tag-ethnologie","tag-eurozentrismus","tag-globalisierung","tag-hierarchische-struktur","tag-kunstgeschichtsschreibung","tag-netzkunst","tag-postkolonialismus","shortcuts-kunsthistorisches-institut-abt-allgemeine-kunstgeschichte"],"acf":[],"_links":{"self":[{"href":"https:\/\/testsystem.meisel-webdesign.de\/leerstelle\/wp-json\/wp\/v2\/posts\/579","targetHints":{"allow":["GET"]}}],"collection":[{"href":"https:\/\/testsystem.meisel-webdesign.de\/leerstelle\/wp-json\/wp\/v2\/posts"}],"about":[{"href":"https:\/\/testsystem.meisel-webdesign.de\/leerstelle\/wp-json\/wp\/v2\/types\/post"}],"author":[{"embeddable":true,"href":"https:\/\/testsystem.meisel-webdesign.de\/leerstelle\/wp-json\/wp\/v2\/users\/8"}],"replies":[{"embeddable":true,"href":"https:\/\/testsystem.meisel-webdesign.de\/leerstelle\/wp-json\/wp\/v2\/comments?post=579"}],"version-history":[{"count":1,"href":"https:\/\/testsystem.meisel-webdesign.de\/leerstelle\/wp-json\/wp\/v2\/posts\/579\/revisions"}],"predecessor-version":[{"id":580,"href":"https:\/\/testsystem.meisel-webdesign.de\/leerstelle\/wp-json\/wp\/v2\/posts\/579\/revisions\/580"}],"wp:featuredmedia":[{"embeddable":true,"href":"https:\/\/testsystem.meisel-webdesign.de\/leerstelle\/wp-json\/wp\/v2\/media\/485"}],"wp:attachment":[{"href":"https:\/\/testsystem.meisel-webdesign.de\/leerstelle\/wp-json\/wp\/v2\/media?parent=579"}],"wp:term":[{"taxonomy":"category","embeddable":true,"href":"https:\/\/testsystem.meisel-webdesign.de\/leerstelle\/wp-json\/wp\/v2\/categories?post=579"},{"taxonomy":"post_tag","embeddable":true,"href":"https:\/\/testsystem.meisel-webdesign.de\/leerstelle\/wp-json\/wp\/v2\/tags?post=579"},{"taxonomy":"shortcuts","embeddable":true,"href":"https:\/\/testsystem.meisel-webdesign.de\/leerstelle\/wp-json\/wp\/v2\/shortcuts?post=579"}],"curies":[{"name":"wp","href":"https:\/\/api.w.org\/{rel}","templated":true}]}}