{"id":369,"date":"2026-04-23T11:31:20","date_gmt":"2026-04-23T09:31:20","guid":{"rendered":"https:\/\/testsystem.meisel-webdesign.de\/leerstelle\/?p=369"},"modified":"2026-04-23T11:31:21","modified_gmt":"2026-04-23T09:31:21","slug":"afrokultur-der-raum-zwischen-gestern-und-morgen","status":"publish","type":"post","link":"https:\/\/testsystem.meisel-webdesign.de\/leerstelle\/2026\/04\/23\/afrokultur-der-raum-zwischen-gestern-und-morgen\/","title":{"rendered":"Afrokultur. Der Raum zwischen gestern und morgen"},"content":{"rendered":"\n<p>Afrokultur&#8216; bringt \u00fcber die Biografien der Schwarzen Wissenschaftler_innen und Aktivist_innen W.E.B. Du Bois, Audre Lorde und May Ayim Schwarze deutsche Geschichte, ihre Gegenwart und Zukunft in einen globalen Zusammenhang und schreibt damit eine intellektuelle Tradition fort.Werden ihre Wissensre_produktionen in einen sozialpolitischen Kontext gebracht, so bed\u00fcrfen sie keiner \u00dcber_Setzung, sondern k\u00f6nnen in laufende Konventionalisierungs-, Autorisierungs- und Normalisierungsprozesse eingebunden werden, um in der aktuellen politischen Debatte \u00fcber \u00bbRasse\u00ab den Weg zu einem &#8218;racial turn&#8216; in Deutschland aufzuzeigen.<\/p>\n\n\n\n<p><\/p>\n","protected":false},"excerpt":{"rendered":"<p>\u00bb&#8217;Afrokultur&#8216; bringt Schwarze deutsche Geschichte, ihre Gegenwart und Zukunft in einen globalen Zusammenhang.\u00ab &#8211; Unrast, 2016<\/p>\n","protected":false},"author":8,"featured_media":374,"comment_status":"closed","ping_status":"closed","sticky":false,"template":"","format":"standard","meta":{"_acf_changed":false,"footnotes":""},"categories":[6],"tags":[158,90,159,155,160,157,154,130,156],"shortcuts":[161],"class_list":["post-369","post","type-post","status-publish","format-standard","has-post-thumbnail","hentry","category-buch","tag-borderlands","tag-cultural-studies","tag-ecofeminism","tag-nationalismus","tag-neo-imperialism","tag-neo-liberalism","tag-postkoloniale-theorie","tag-postkolonialismus","tag-transnational-literatures","shortcuts-gemeinsame-fachbibliothek-sozialwissenschaften-soziologie"],"acf":[],"_links":{"self":[{"href":"https:\/\/testsystem.meisel-webdesign.de\/leerstelle\/wp-json\/wp\/v2\/posts\/369","targetHints":{"allow":["GET"]}}],"collection":[{"href":"https:\/\/testsystem.meisel-webdesign.de\/leerstelle\/wp-json\/wp\/v2\/posts"}],"about":[{"href":"https:\/\/testsystem.meisel-webdesign.de\/leerstelle\/wp-json\/wp\/v2\/types\/post"}],"author":[{"embeddable":true,"href":"https:\/\/testsystem.meisel-webdesign.de\/leerstelle\/wp-json\/wp\/v2\/users\/8"}],"replies":[{"embeddable":true,"href":"https:\/\/testsystem.meisel-webdesign.de\/leerstelle\/wp-json\/wp\/v2\/comments?post=369"}],"version-history":[{"count":1,"href":"https:\/\/testsystem.meisel-webdesign.de\/leerstelle\/wp-json\/wp\/v2\/posts\/369\/revisions"}],"predecessor-version":[{"id":380,"href":"https:\/\/testsystem.meisel-webdesign.de\/leerstelle\/wp-json\/wp\/v2\/posts\/369\/revisions\/380"}],"wp:featuredmedia":[{"embeddable":true,"href":"https:\/\/testsystem.meisel-webdesign.de\/leerstelle\/wp-json\/wp\/v2\/media\/374"}],"wp:attachment":[{"href":"https:\/\/testsystem.meisel-webdesign.de\/leerstelle\/wp-json\/wp\/v2\/media?parent=369"}],"wp:term":[{"taxonomy":"category","embeddable":true,"href":"https:\/\/testsystem.meisel-webdesign.de\/leerstelle\/wp-json\/wp\/v2\/categories?post=369"},{"taxonomy":"post_tag","embeddable":true,"href":"https:\/\/testsystem.meisel-webdesign.de\/leerstelle\/wp-json\/wp\/v2\/tags?post=369"},{"taxonomy":"shortcuts","embeddable":true,"href":"https:\/\/testsystem.meisel-webdesign.de\/leerstelle\/wp-json\/wp\/v2\/shortcuts?post=369"}],"curies":[{"name":"wp","href":"https:\/\/api.w.org\/{rel}","templated":true}]}}