{"id":921,"date":"2014-04-22T13:03:02","date_gmt":"2014-04-22T11:03:02","guid":{"rendered":"http:\/\/www.usetree.de\/?p=921"},"modified":"2018-11-22T22:09:19","modified_gmt":"2018-11-22T21:09:19","slug":"windows-9-ein-blick-in-die-zukunft-des-desktops","status":"publish","type":"post","link":"https:\/\/testsystem.meisel-webdesign.de\/home-usetree-sandbox\/de\/windows-9-ein-blick-in-die-zukunft-des-desktops\/","title":{"rendered":"Windows 9 &#8211; ein Blick in die Zukunft des Desktops?"},"content":{"rendered":"<p><span style=\"line-height: 1.5em;\">Die Kacheln des Windows-Desktops sollen in Zukunft die Funktion von Widgets \u00fcbernehmen, wie man sie eventuell bereits vom eigenen Android-Smartphone kennt. Die Widgets machen aus den \u201cNachrichtenfenstern\u201d von Windows interaktive Programmfenster. Am Beispiel der Mail-Applikation zeigen die Entwickler, wie Funktionen bereits in der Kachel aufgerufen werden k\u00f6nnen, ohne dass dabei das entsprechende Programm ge\u00f6ffnet werden muss. Die Ausrichtung des Videos bezieht sich klar auf Touch-Interaktion. Wie die Umsetzung f\u00fcr klassische Desktop-PCs aussieht und ob es eine angepasste Funktionalit\u00e4t geben wird, ist zu diesem Zeitpunkt noch nicht bekannt.<\/span><\/p>\n<p><span style=\"line-height: 1.5em;\">Viele Nutzer beschwerten sich bei dem Release von Windows 8 \u00fcber ein schlechtes Interaktionsdesign an Desktop-PCs, da das Betriebssystem klar auf Mobile- und Touch-Interaktion ausgelegt war. Mit Windows 8.1 wurden einige Kritikpunkte wieder behoben und mit dem n\u00e4chsten Update soll auch wieder das schwer vermisste Startmen\u00fc zur\u00fcckkehren. &nbsp;<\/span><\/p>\n<p>Wichtig f\u00fcr Produzenten: Auf der Entwicklerkonferenz stellte Microsoft ein neues Lizenzsystem f\u00fcr Windows und Windows-Phone vor. Hersteller, deren Tablets weniger als 9 Zoll auf die Waage bringen, zahlen fortan nichts mehr f\u00fcr das Windows-Betriebssystem auf dem Ger\u00e4t, ebenso wie Smartphone-Produzenten. Diese \u00c4nderung soll die Aufholjagd zur m\u00e4chtigen Konkurrenz unterst\u00fctzen. F\u00fcr den Nutzer \u00e4ndert sich vorerst nichts &#8211; wer Windows 8.1 im Handel ersteht, zahlt weiterhin den gewohnten Preis.<\/p>\n<p>Bildquelle:&nbsp;<a href=\"https:\/\/unsplash.com\/photos\/3WbWLC6QHBg\" target=\"_blank\" rel=\"noopener\">unsplash.com<\/a><\/p>\n","protected":false},"excerpt":{"rendered":"<p>In einem geleakten Video eines asiatischen Microsoft-Entwicklerteams konnte man vor Kurzem spannende Eindr\u00fccke\u00a0von dem eventuell noch in diesem\u00a0Jahr erscheinenden Windows 9 erhaschen.\u00a0Das vorherrschende Feature: \u201cinteractive tiles&#8220; (interaktive Kacheln).<\/p>\n","protected":false},"author":2,"featured_media":56272,"comment_status":"open","ping_status":"open","sticky":false,"template":"","format":"standard","meta":{"_acf_changed":false,"footnotes":""},"categories":[686],"tags":[814,818,335],"acf":[],"yoast_head":"<!-- This site is optimized with the Yoast SEO plugin v24.5 - https:\/\/yoast.com\/wordpress\/plugins\/seo\/ -->\n<title>Windows 9 - ein Blick in die Zukunft des Desktops? - UseTree Sandbox<\/title>\n<meta name=\"robots\" content=\"noindex, follow, max-snippet:-1, max-image-preview:large, max-video-preview:-1\" \/>\n<meta property=\"og:locale\" content=\"de_DE\" \/>\n<meta property=\"og:type\" content=\"article\" \/>\n<meta property=\"og:title\" content=\"Windows 9 - ein Blick in die Zukunft des Desktops? - UseTree Sandbox\" \/>\n<meta property=\"og:description\" content=\"In einem geleakten Video eines asiatischen Microsoft-Entwicklerteams konnte man vor Kurzem spannende Eindr\u00fccke\u00a0von dem eventuell noch in diesem\u00a0Jahr erscheinenden Windows 9 erhaschen.\u00a0Das vorherrschende Feature: \u201cinteractive tiles&quot; (interaktive Kacheln).\" \/>\n<meta property=\"og:url\" content=\"https:\/\/testsystem.meisel-webdesign.de\/home-usetree-sandbox\/de\/windows-9-ein-blick-in-die-zukunft-des-desktops\/\" \/>\n<meta property=\"og:site_name\" content=\"UseTree Sandbox\" \/>\n<meta property=\"article:publisher\" content=\"https:\/\/www.facebook.com\/UseTree-GmbH-1685725755018065\/\" \/>\n<meta property=\"article:published_time\" content=\"2014-04-22T11:03:02+00:00\" \/>\n<meta property=\"article:modified_time\" content=\"2018-11-22T21:09:19+00:00\" \/>\n<meta property=\"og:image\" content=\"https:\/\/testsystem.meisel-webdesign.de\/home-usetree-sandbox\/wp-content\/uploads\/2014\/04\/windows.jpg\" \/>\n\t<meta property=\"og:image:width\" content=\"1200\" \/>\n\t<meta property=\"og:image:height\" content=\"900\" \/>\n\t<meta property=\"og:image:type\" content=\"image\/jpeg\" \/>\n<meta name=\"author\" content=\"Redaktion\" \/>\n<meta name=\"twitter:card\" content=\"summary_large_image\" \/>\n<meta name=\"twitter:creator\" content=\"@UseTreeBerlin\" \/>\n<meta name=\"twitter:site\" content=\"@UseTreeBerlin\" \/>\n<meta name=\"twitter:label1\" content=\"Verfasst von\" \/>\n\t<meta name=\"twitter:data1\" content=\"Redaktion\" \/>\n\t<meta name=\"twitter:label2\" content=\"Gesch\u00e4tzte Lesezeit\" \/>\n\t<meta name=\"twitter:data2\" content=\"1\u00a0Minute\" \/>\n<script type=\"application\/ld+json\" class=\"yoast-schema-graph\">{\"@context\":\"https:\/\/schema.org\",\"@graph\":[{\"@type\":\"Article\",\"@id\":\"https:\/\/testsystem.meisel-webdesign.de\/home-usetree-sandbox\/de\/windows-9-ein-blick-in-die-zukunft-des-desktops\/#article\",\"isPartOf\":{\"@id\":\"https:\/\/testsystem.meisel-webdesign.de\/home-usetree-sandbox\/de\/windows-9-ein-blick-in-die-zukunft-des-desktops\/\"},\"author\":{\"name\":\"Redaktion\",\"@id\":\"https:\/\/testsystem.meisel-webdesign.de\/home-usetree-sandbox\/#\/schema\/person\/46a5501ca36407a9f3d2a4ce0a5b75c0\"},\"headline\":\"Windows 9 &#8211; ein Blick in die Zukunft des Desktops?\",\"datePublished\":\"2014-04-22T11:03:02+00:00\",\"dateModified\":\"2018-11-22T21:09:19+00:00\",\"mainEntityOfPage\":{\"@id\":\"https:\/\/testsystem.meisel-webdesign.de\/home-usetree-sandbox\/de\/windows-9-ein-blick-in-die-zukunft-des-desktops\/\"},\"wordCount\":225,\"commentCount\":0,\"publisher\":{\"@id\":\"https:\/\/testsystem.meisel-webdesign.de\/home-usetree-sandbox\/#organization\"},\"image\":{\"@id\":\"https:\/\/testsystem.meisel-webdesign.de\/home-usetree-sandbox\/de\/windows-9-ein-blick-in-die-zukunft-des-desktops\/#primaryimage\"},\"thumbnailUrl\":\"https:\/\/testsystem.meisel-webdesign.de\/home-usetree-sandbox\/wp-content\/uploads\/2014\/04\/windows.jpg\",\"keywords\":[\"Interaction Design\",\"Widgets\",\"Mobile\"],\"articleSection\":[\"Gute Frage\"],\"inLanguage\":\"de\",\"potentialAction\":[{\"@type\":\"CommentAction\",\"name\":\"Comment\",\"target\":[\"https:\/\/testsystem.meisel-webdesign.de\/home-usetree-sandbox\/de\/windows-9-ein-blick-in-die-zukunft-des-desktops\/#respond\"]}]},{\"@type\":\"WebPage\",\"@id\":\"https:\/\/testsystem.meisel-webdesign.de\/home-usetree-sandbox\/de\/windows-9-ein-blick-in-die-zukunft-des-desktops\/\",\"url\":\"https:\/\/testsystem.meisel-webdesign.de\/home-usetree-sandbox\/de\/windows-9-ein-blick-in-die-zukunft-des-desktops\/\",\"name\":\"Windows 9 - ein Blick in die Zukunft des Desktops? - UseTree Sandbox\",\"isPartOf\":{\"@id\":\"https:\/\/testsystem.meisel-webdesign.de\/home-usetree-sandbox\/#website\"},\"primaryImageOfPage\":{\"@id\":\"https:\/\/testsystem.meisel-webdesign.de\/home-usetree-sandbox\/de\/windows-9-ein-blick-in-die-zukunft-des-desktops\/#primaryimage\"},\"image\":{\"@id\":\"https:\/\/testsystem.meisel-webdesign.de\/home-usetree-sandbox\/de\/windows-9-ein-blick-in-die-zukunft-des-desktops\/#primaryimage\"},\"thumbnailUrl\":\"https:\/\/testsystem.meisel-webdesign.de\/home-usetree-sandbox\/wp-content\/uploads\/2014\/04\/windows.jpg\",\"datePublished\":\"2014-04-22T11:03:02+00:00\",\"dateModified\":\"2018-11-22T21:09:19+00:00\",\"breadcrumb\":{\"@id\":\"https:\/\/testsystem.meisel-webdesign.de\/home-usetree-sandbox\/de\/windows-9-ein-blick-in-die-zukunft-des-desktops\/#breadcrumb\"},\"inLanguage\":\"de\",\"potentialAction\":[{\"@type\":\"ReadAction\",\"target\":[\"https:\/\/testsystem.meisel-webdesign.de\/home-usetree-sandbox\/de\/windows-9-ein-blick-in-die-zukunft-des-desktops\/\"]}]},{\"@type\":\"ImageObject\",\"inLanguage\":\"de\",\"@id\":\"https:\/\/testsystem.meisel-webdesign.de\/home-usetree-sandbox\/de\/windows-9-ein-blick-in-die-zukunft-des-desktops\/#primaryimage\",\"url\":\"https:\/\/testsystem.meisel-webdesign.de\/home-usetree-sandbox\/wp-content\/uploads\/2014\/04\/windows.jpg\",\"contentUrl\":\"https:\/\/testsystem.meisel-webdesign.de\/home-usetree-sandbox\/wp-content\/uploads\/2014\/04\/windows.jpg\",\"width\":1200,\"height\":900},{\"@type\":\"BreadcrumbList\",\"@id\":\"https:\/\/testsystem.meisel-webdesign.de\/home-usetree-sandbox\/de\/windows-9-ein-blick-in-die-zukunft-des-desktops\/#breadcrumb\",\"itemListElement\":[{\"@type\":\"ListItem\",\"position\":1,\"name\":\"Startseite\",\"item\":\"https:\/\/testsystem.meisel-webdesign.de\/home-usetree-sandbox\/de\/\"},{\"@type\":\"ListItem\",\"position\":2,\"name\":\"Windows 9 &#8211; ein Blick in die Zukunft des Desktops?\"}]},{\"@type\":\"WebSite\",\"@id\":\"https:\/\/testsystem.meisel-webdesign.de\/home-usetree-sandbox\/#website\",\"url\":\"https:\/\/testsystem.meisel-webdesign.de\/home-usetree-sandbox\/\",\"name\":\"UseTree GmbH\",\"description\":\"Wir gestalten Produktl\u00f6sungen: Methodisch. Ganzheitlich. Einzigartig.\",\"publisher\":{\"@id\":\"https:\/\/testsystem.meisel-webdesign.de\/home-usetree-sandbox\/#organization\"},\"potentialAction\":[{\"@type\":\"SearchAction\",\"target\":{\"@type\":\"EntryPoint\",\"urlTemplate\":\"https:\/\/testsystem.meisel-webdesign.de\/home-usetree-sandbox\/?s={search_term_string}\"},\"query-input\":{\"@type\":\"PropertyValueSpecification\",\"valueRequired\":true,\"valueName\":\"search_term_string\"}}],\"inLanguage\":\"de\"},{\"@type\":\"Organization\",\"@id\":\"https:\/\/testsystem.meisel-webdesign.de\/home-usetree-sandbox\/#organization\",\"name\":\"UseTree GmbH\",\"url\":\"https:\/\/testsystem.meisel-webdesign.de\/home-usetree-sandbox\/\",\"logo\":{\"@type\":\"ImageObject\",\"inLanguage\":\"de\",\"@id\":\"https:\/\/testsystem.meisel-webdesign.de\/home-usetree-sandbox\/#\/schema\/logo\/image\/\",\"url\":\"https:\/\/testsystem.meisel-webdesign.de\/home-usetree-sandbox\/wp-content\/uploads\/2021\/04\/Logo-UseTree-Online_black.png\",\"contentUrl\":\"https:\/\/testsystem.meisel-webdesign.de\/home-usetree-sandbox\/wp-content\/uploads\/2021\/04\/Logo-UseTree-Online_black.png\",\"width\":800,\"height\":800,\"caption\":\"UseTree GmbH\"},\"image\":{\"@id\":\"https:\/\/testsystem.meisel-webdesign.de\/home-usetree-sandbox\/#\/schema\/logo\/image\/\"},\"sameAs\":[\"https:\/\/www.facebook.com\/UseTree-GmbH-1685725755018065\/\",\"https:\/\/x.com\/UseTreeBerlin\",\"https:\/\/www.instagram.com\/usetree_gmbh\/\",\"https:\/\/www.linkedin.com\/company\/usetree-gmbh\/\"]},{\"@type\":\"Person\",\"@id\":\"https:\/\/testsystem.meisel-webdesign.de\/home-usetree-sandbox\/#\/schema\/person\/46a5501ca36407a9f3d2a4ce0a5b75c0\",\"name\":\"Redaktion\",\"image\":{\"@type\":\"ImageObject\",\"inLanguage\":\"de\",\"@id\":\"https:\/\/testsystem.meisel-webdesign.de\/home-usetree-sandbox\/#\/schema\/person\/image\/\",\"url\":\"https:\/\/secure.gravatar.com\/avatar\/11f11f0e866d6a5bd320914c53b3e9d2?s=96&d=mm&r=g\",\"contentUrl\":\"https:\/\/secure.gravatar.com\/avatar\/11f11f0e866d6a5bd320914c53b3e9d2?s=96&d=mm&r=g\",\"caption\":\"Redaktion\"},\"url\":\"https:\/\/testsystem.meisel-webdesign.de\/home-usetree-sandbox\/author\/redaktion\/\"}]}<\/script>\n<!-- \/ Yoast SEO plugin. -->","yoast_head_json":{"title":"Windows 9 - ein Blick in die Zukunft des Desktops? - UseTree Sandbox","robots":{"index":"noindex","follow":"follow","max-snippet":"max-snippet:-1","max-image-preview":"max-image-preview:large","max-video-preview":"max-video-preview:-1"},"og_locale":"de_DE","og_type":"article","og_title":"Windows 9 - ein Blick in die Zukunft des Desktops? - UseTree Sandbox","og_description":"In einem geleakten Video eines asiatischen Microsoft-Entwicklerteams konnte man vor Kurzem spannende Eindr\u00fccke\u00a0von dem eventuell noch in diesem\u00a0Jahr erscheinenden Windows 9 erhaschen.\u00a0Das vorherrschende Feature: \u201cinteractive tiles\" (interaktive Kacheln).","og_url":"https:\/\/testsystem.meisel-webdesign.de\/home-usetree-sandbox\/de\/windows-9-ein-blick-in-die-zukunft-des-desktops\/","og_site_name":"UseTree Sandbox","article_publisher":"https:\/\/www.facebook.com\/UseTree-GmbH-1685725755018065\/","article_published_time":"2014-04-22T11:03:02+00:00","article_modified_time":"2018-11-22T21:09:19+00:00","og_image":[{"width":1200,"height":900,"url":"https:\/\/testsystem.meisel-webdesign.de\/home-usetree-sandbox\/wp-content\/uploads\/2014\/04\/windows.jpg","type":"image\/jpeg"}],"author":"Redaktion","twitter_card":"summary_large_image","twitter_creator":"@UseTreeBerlin","twitter_site":"@UseTreeBerlin","twitter_misc":{"Verfasst von":"Redaktion","Gesch\u00e4tzte Lesezeit":"1\u00a0Minute"},"schema":{"@context":"https:\/\/schema.org","@graph":[{"@type":"Article","@id":"https:\/\/testsystem.meisel-webdesign.de\/home-usetree-sandbox\/de\/windows-9-ein-blick-in-die-zukunft-des-desktops\/#article","isPartOf":{"@id":"https:\/\/testsystem.meisel-webdesign.de\/home-usetree-sandbox\/de\/windows-9-ein-blick-in-die-zukunft-des-desktops\/"},"author":{"name":"Redaktion","@id":"https:\/\/testsystem.meisel-webdesign.de\/home-usetree-sandbox\/#\/schema\/person\/46a5501ca36407a9f3d2a4ce0a5b75c0"},"headline":"Windows 9 &#8211; ein Blick in die Zukunft des Desktops?","datePublished":"2014-04-22T11:03:02+00:00","dateModified":"2018-11-22T21:09:19+00:00","mainEntityOfPage":{"@id":"https:\/\/testsystem.meisel-webdesign.de\/home-usetree-sandbox\/de\/windows-9-ein-blick-in-die-zukunft-des-desktops\/"},"wordCount":225,"commentCount":0,"publisher":{"@id":"https:\/\/testsystem.meisel-webdesign.de\/home-usetree-sandbox\/#organization"},"image":{"@id":"https:\/\/testsystem.meisel-webdesign.de\/home-usetree-sandbox\/de\/windows-9-ein-blick-in-die-zukunft-des-desktops\/#primaryimage"},"thumbnailUrl":"https:\/\/testsystem.meisel-webdesign.de\/home-usetree-sandbox\/wp-content\/uploads\/2014\/04\/windows.jpg","keywords":["Interaction Design","Widgets","Mobile"],"articleSection":["Gute Frage"],"inLanguage":"de","potentialAction":[{"@type":"CommentAction","name":"Comment","target":["https:\/\/testsystem.meisel-webdesign.de\/home-usetree-sandbox\/de\/windows-9-ein-blick-in-die-zukunft-des-desktops\/#respond"]}]},{"@type":"WebPage","@id":"https:\/\/testsystem.meisel-webdesign.de\/home-usetree-sandbox\/de\/windows-9-ein-blick-in-die-zukunft-des-desktops\/","url":"https:\/\/testsystem.meisel-webdesign.de\/home-usetree-sandbox\/de\/windows-9-ein-blick-in-die-zukunft-des-desktops\/","name":"Windows 9 - ein Blick in die Zukunft des Desktops? - UseTree Sandbox","isPartOf":{"@id":"https:\/\/testsystem.meisel-webdesign.de\/home-usetree-sandbox\/#website"},"primaryImageOfPage":{"@id":"https:\/\/testsystem.meisel-webdesign.de\/home-usetree-sandbox\/de\/windows-9-ein-blick-in-die-zukunft-des-desktops\/#primaryimage"},"image":{"@id":"https:\/\/testsystem.meisel-webdesign.de\/home-usetree-sandbox\/de\/windows-9-ein-blick-in-die-zukunft-des-desktops\/#primaryimage"},"thumbnailUrl":"https:\/\/testsystem.meisel-webdesign.de\/home-usetree-sandbox\/wp-content\/uploads\/2014\/04\/windows.jpg","datePublished":"2014-04-22T11:03:02+00:00","dateModified":"2018-11-22T21:09:19+00:00","breadcrumb":{"@id":"https:\/\/testsystem.meisel-webdesign.de\/home-usetree-sandbox\/de\/windows-9-ein-blick-in-die-zukunft-des-desktops\/#breadcrumb"},"inLanguage":"de","potentialAction":[{"@type":"ReadAction","target":["https:\/\/testsystem.meisel-webdesign.de\/home-usetree-sandbox\/de\/windows-9-ein-blick-in-die-zukunft-des-desktops\/"]}]},{"@type":"ImageObject","inLanguage":"de","@id":"https:\/\/testsystem.meisel-webdesign.de\/home-usetree-sandbox\/de\/windows-9-ein-blick-in-die-zukunft-des-desktops\/#primaryimage","url":"https:\/\/testsystem.meisel-webdesign.de\/home-usetree-sandbox\/wp-content\/uploads\/2014\/04\/windows.jpg","contentUrl":"https:\/\/testsystem.meisel-webdesign.de\/home-usetree-sandbox\/wp-content\/uploads\/2014\/04\/windows.jpg","width":1200,"height":900},{"@type":"BreadcrumbList","@id":"https:\/\/testsystem.meisel-webdesign.de\/home-usetree-sandbox\/de\/windows-9-ein-blick-in-die-zukunft-des-desktops\/#breadcrumb","itemListElement":[{"@type":"ListItem","position":1,"name":"Startseite","item":"https:\/\/testsystem.meisel-webdesign.de\/home-usetree-sandbox\/de\/"},{"@type":"ListItem","position":2,"name":"Windows 9 &#8211; ein Blick in die Zukunft des Desktops?"}]},{"@type":"WebSite","@id":"https:\/\/testsystem.meisel-webdesign.de\/home-usetree-sandbox\/#website","url":"https:\/\/testsystem.meisel-webdesign.de\/home-usetree-sandbox\/","name":"UseTree GmbH","description":"Wir gestalten Produktl\u00f6sungen: Methodisch. Ganzheitlich. Einzigartig.","publisher":{"@id":"https:\/\/testsystem.meisel-webdesign.de\/home-usetree-sandbox\/#organization"},"potentialAction":[{"@type":"SearchAction","target":{"@type":"EntryPoint","urlTemplate":"https:\/\/testsystem.meisel-webdesign.de\/home-usetree-sandbox\/?s={search_term_string}"},"query-input":{"@type":"PropertyValueSpecification","valueRequired":true,"valueName":"search_term_string"}}],"inLanguage":"de"},{"@type":"Organization","@id":"https:\/\/testsystem.meisel-webdesign.de\/home-usetree-sandbox\/#organization","name":"UseTree GmbH","url":"https:\/\/testsystem.meisel-webdesign.de\/home-usetree-sandbox\/","logo":{"@type":"ImageObject","inLanguage":"de","@id":"https:\/\/testsystem.meisel-webdesign.de\/home-usetree-sandbox\/#\/schema\/logo\/image\/","url":"https:\/\/testsystem.meisel-webdesign.de\/home-usetree-sandbox\/wp-content\/uploads\/2021\/04\/Logo-UseTree-Online_black.png","contentUrl":"https:\/\/testsystem.meisel-webdesign.de\/home-usetree-sandbox\/wp-content\/uploads\/2021\/04\/Logo-UseTree-Online_black.png","width":800,"height":800,"caption":"UseTree GmbH"},"image":{"@id":"https:\/\/testsystem.meisel-webdesign.de\/home-usetree-sandbox\/#\/schema\/logo\/image\/"},"sameAs":["https:\/\/www.facebook.com\/UseTree-GmbH-1685725755018065\/","https:\/\/x.com\/UseTreeBerlin","https:\/\/www.instagram.com\/usetree_gmbh\/","https:\/\/www.linkedin.com\/company\/usetree-gmbh\/"]},{"@type":"Person","@id":"https:\/\/testsystem.meisel-webdesign.de\/home-usetree-sandbox\/#\/schema\/person\/46a5501ca36407a9f3d2a4ce0a5b75c0","name":"Redaktion","image":{"@type":"ImageObject","inLanguage":"de","@id":"https:\/\/testsystem.meisel-webdesign.de\/home-usetree-sandbox\/#\/schema\/person\/image\/","url":"https:\/\/secure.gravatar.com\/avatar\/11f11f0e866d6a5bd320914c53b3e9d2?s=96&d=mm&r=g","contentUrl":"https:\/\/secure.gravatar.com\/avatar\/11f11f0e866d6a5bd320914c53b3e9d2?s=96&d=mm&r=g","caption":"Redaktion"},"url":"https:\/\/testsystem.meisel-webdesign.de\/home-usetree-sandbox\/author\/redaktion\/"}]}},"lang":"de","translations":{"de":921},"pll_sync_post":[],"_links":{"self":[{"href":"https:\/\/testsystem.meisel-webdesign.de\/home-usetree-sandbox\/wp-json\/wp\/v2\/posts\/921"}],"collection":[{"href":"https:\/\/testsystem.meisel-webdesign.de\/home-usetree-sandbox\/wp-json\/wp\/v2\/posts"}],"about":[{"href":"https:\/\/testsystem.meisel-webdesign.de\/home-usetree-sandbox\/wp-json\/wp\/v2\/types\/post"}],"author":[{"embeddable":true,"href":"https:\/\/testsystem.meisel-webdesign.de\/home-usetree-sandbox\/wp-json\/wp\/v2\/users\/2"}],"replies":[{"embeddable":true,"href":"https:\/\/testsystem.meisel-webdesign.de\/home-usetree-sandbox\/wp-json\/wp\/v2\/comments?post=921"}],"version-history":[{"count":6,"href":"https:\/\/testsystem.meisel-webdesign.de\/home-usetree-sandbox\/wp-json\/wp\/v2\/posts\/921\/revisions"}],"predecessor-version":[{"id":56806,"href":"https:\/\/testsystem.meisel-webdesign.de\/home-usetree-sandbox\/wp-json\/wp\/v2\/posts\/921\/revisions\/56806"}],"wp:featuredmedia":[{"embeddable":true,"href":"https:\/\/testsystem.meisel-webdesign.de\/home-usetree-sandbox\/wp-json\/wp\/v2\/media\/56272"}],"wp:attachment":[{"href":"https:\/\/testsystem.meisel-webdesign.de\/home-usetree-sandbox\/wp-json\/wp\/v2\/media?parent=921"}],"wp:term":[{"taxonomy":"category","embeddable":true,"href":"https:\/\/testsystem.meisel-webdesign.de\/home-usetree-sandbox\/wp-json\/wp\/v2\/categories?post=921"},{"taxonomy":"post_tag","embeddable":true,"href":"https:\/\/testsystem.meisel-webdesign.de\/home-usetree-sandbox\/wp-json\/wp\/v2\/tags?post=921"}],"curies":[{"name":"wp","href":"https:\/\/api.w.org\/{rel}","templated":true}]}}