{"id":59972,"date":"2022-11-08T16:47:51","date_gmt":"2022-11-08T15:47:51","guid":{"rendered":"https:\/\/usetree.com\/?p=59972"},"modified":"2022-11-08T16:48:39","modified_gmt":"2022-11-08T15:48:39","slug":"usetree-auf-der-medica-2022","status":"publish","type":"post","link":"https:\/\/testsystem.meisel-webdesign.de\/home-usetree-sandbox\/de\/usetree-auf-der-medica-2022\/","title":{"rendered":"UseTree auf der Medica 2022"},"content":{"rendered":"\n<p>Vom 14. bis 17. November ist UseTree auf dem Gemeinschaftsstand von Berlin Partner f\u00fcr Wirtschaft und Technologie eines von 20 Unternehmen aus der Region Berlin-Brandenburg. Wir freuen uns, die neuesten Entwicklungen und Produkte aus der Welt der Medizintechnik entdecken zu d\u00fcrfen!<\/p>\n\n\n\n<p>Die 17 Messehallen sind gef\u00fcllt mit internationalen Ausstellern, Foren und Konferenzen und bieten f\u00fcr uns eine gro\u00dfe Chance, UX weiter in die Welt der Medizin zu tragen und damit die digitale Gesundheitsversorgung weiter voranzubringen. Welche Themen werden wir mit der UX-Brille entdecken? Uns interessieren vor allem IT-Systeme und Produkte f\u00fcr die Bildgebung und Diagnostik, f\u00fcr medizinische Ger\u00e4te, die Physiotherapie und Pflege.<\/p>\n\n\n\n<p>Im gesamten Messezeitraum sind unsere Ansprechpartner:innen vor Ort und freuen sich auf das Gespr\u00e4ch mit Ihnen: <a href=\"https:\/\/testsystem.meisel-webdesign.de\/home-usetree-sandbox\/de\/teammitglied\/ariane-jaeger\/\" target=\"_blank\" rel=\"noreferrer noopener\">Ariane J\u00e4ger<\/a> \u2013 Senior UX Consultant &amp; Managing Partner, <a href=\"https:\/\/testsystem.meisel-webdesign.de\/home-usetree-sandbox\/de\/teammitglied\/milan-friedrich\/\" target=\"_blank\" rel=\"noreferrer noopener\">Milan Friedrich<\/a> \u2013 UX Designer, <a href=\"https:\/\/testsystem.meisel-webdesign.de\/home-usetree-sandbox\/de\/teammitglied\/cornelia-luederitz\/\" target=\"_blank\" rel=\"noreferrer noopener\">Cornelia L\u00fcderitz<\/a> \u2013 Senior UX Consultant, <a href=\"https:\/\/testsystem.meisel-webdesign.de\/home-usetree-sandbox\/de\/teammitglied\/stefan-haeber\/\" target=\"_blank\" rel=\"noreferrer noopener\">Stefan H\u00e4ber<\/a> \u2013 Senior UX Consultant &amp; Managing Owner, <a href=\"https:\/\/testsystem.meisel-webdesign.de\/home-usetree-sandbox\/de\/teammitglied\/charlotte-elliott\/\" target=\"_blank\" rel=\"noreferrer noopener\">Charlotte Elliott<\/a> \u2013 UX Consultant und Marketing Manager.<\/p>\n\n\n\n<p>Sie finden uns in Halle 15 am Stand K22 und k\u00f6nnen sehr gerne mit uns Termine im Vorfeld vereinbaren mit: Charlotte Elliott, marketing@usetree.com.<\/p>\n\n\n\n<p>Oder treffen Sie uns beim <a href=\"https:\/\/www.healthcapital.de\/veranstaltungen\/termin\/berlin-brandenburg-reception-medica-2022\/\">Abendempfang<\/a> des Gemeinschaftsstandes von Berlin Partner: Montag, 14. November um 18 Uhr.&nbsp;<\/p>\n\n\n\n<p>Unser Ausstellerprofil auf der Medica finden Sie <a href=\"https:\/\/www.medica.de\/vis\/v1\/de\/exhibitors\/medcom2022.2722456\" target=\"_blank\" rel=\"noreferrer noopener\">hier<\/a>.<\/p>\n\n\n\n<p><\/p>\n\n\n\n<p>Bild: <a href=\"https:\/\/unsplash.com\/photos\/ABGaVhJxwDQ\" target=\"_blank\" rel=\"noreferrer noopener\">unsplash<\/a><\/p>\n","protected":false},"excerpt":{"rendered":"<p>Treffen Sie uns auf der MEDICA 2022 \u2013 der internationalen Leitmesse f\u00fcr Medizintechnikprodukte in D\u00fcsseldorf!<\/p>\n","protected":false},"author":2,"featured_media":59987,"comment_status":"closed","ping_status":"closed","sticky":false,"template":"","format":"standard","meta":{"_acf_changed":false,"footnotes":""},"categories":[682],"tags":[1759,1761,1763,1765,327],"acf":[],"yoast_head":"<!-- This site is optimized with the Yoast SEO plugin v24.5 - https:\/\/yoast.com\/wordpress\/plugins\/seo\/ -->\n<title>Veranstaltung - UseTree auf der Medica 2022 - UseTree Sandbox<\/title>\n<meta name=\"description\" content=\"Vom 14. bis 17. November ist UseTree auf dem Gemeinschaftsstand von Berlin Partner in Halle 15 am Stand K22. Besuchen Sie uns!\" \/>\n<meta name=\"robots\" content=\"noindex, follow, max-snippet:-1, max-image-preview:large, max-video-preview:-1\" \/>\n<meta property=\"og:locale\" content=\"de_DE\" \/>\n<meta property=\"og:type\" content=\"article\" \/>\n<meta property=\"og:title\" content=\"Veranstaltung - UseTree auf der Medica 2022 - UseTree Sandbox\" \/>\n<meta property=\"og:description\" content=\"Vom 14. bis 17. November ist UseTree auf dem Gemeinschaftsstand von Berlin Partner in Halle 15 am Stand K22. Besuchen Sie uns!\" \/>\n<meta property=\"og:url\" content=\"https:\/\/testsystem.meisel-webdesign.de\/home-usetree-sandbox\/de\/usetree-auf-der-medica-2022\/\" \/>\n<meta property=\"og:site_name\" content=\"UseTree Sandbox\" \/>\n<meta property=\"article:publisher\" content=\"https:\/\/www.facebook.com\/UseTree-GmbH-1685725755018065\/\" \/>\n<meta property=\"article:published_time\" content=\"2022-11-08T15:47:51+00:00\" \/>\n<meta property=\"article:modified_time\" content=\"2022-11-08T15:48:39+00:00\" \/>\n<meta property=\"og:image\" content=\"https:\/\/testsystem.meisel-webdesign.de\/home-usetree-sandbox\/wp-content\/uploads\/2022\/11\/medica.jpg\" \/>\n\t<meta property=\"og:image:width\" content=\"1200\" \/>\n\t<meta property=\"og:image:height\" content=\"800\" \/>\n\t<meta property=\"og:image:type\" content=\"image\/jpeg\" \/>\n<meta name=\"author\" content=\"Redaktion\" \/>\n<meta name=\"twitter:card\" content=\"summary_large_image\" \/>\n<meta name=\"twitter:creator\" content=\"@UseTreeBerlin\" \/>\n<meta name=\"twitter:site\" content=\"@UseTreeBerlin\" \/>\n<meta name=\"twitter:label1\" content=\"Verfasst von\" \/>\n\t<meta name=\"twitter:data1\" content=\"Redaktion\" \/>\n\t<meta name=\"twitter:label2\" content=\"Gesch\u00e4tzte Lesezeit\" \/>\n\t<meta name=\"twitter:data2\" content=\"2\u00a0Minuten\" \/>\n<script type=\"application\/ld+json\" class=\"yoast-schema-graph\">{\"@context\":\"https:\/\/schema.org\",\"@graph\":[{\"@type\":\"Article\",\"@id\":\"https:\/\/testsystem.meisel-webdesign.de\/home-usetree-sandbox\/de\/usetree-auf-der-medica-2022\/#article\",\"isPartOf\":{\"@id\":\"https:\/\/testsystem.meisel-webdesign.de\/home-usetree-sandbox\/de\/usetree-auf-der-medica-2022\/\"},\"author\":{\"name\":\"Redaktion\",\"@id\":\"https:\/\/testsystem.meisel-webdesign.de\/home-usetree-sandbox\/#\/schema\/person\/46a5501ca36407a9f3d2a4ce0a5b75c0\"},\"headline\":\"UseTree auf der Medica 2022\",\"datePublished\":\"2022-11-08T15:47:51+00:00\",\"dateModified\":\"2022-11-08T15:48:39+00:00\",\"mainEntityOfPage\":{\"@id\":\"https:\/\/testsystem.meisel-webdesign.de\/home-usetree-sandbox\/de\/usetree-auf-der-medica-2022\/\"},\"wordCount\":214,\"publisher\":{\"@id\":\"https:\/\/testsystem.meisel-webdesign.de\/home-usetree-sandbox\/#organization\"},\"image\":{\"@id\":\"https:\/\/testsystem.meisel-webdesign.de\/home-usetree-sandbox\/de\/usetree-auf-der-medica-2022\/#primaryimage\"},\"thumbnailUrl\":\"https:\/\/testsystem.meisel-webdesign.de\/home-usetree-sandbox\/wp-content\/uploads\/2022\/11\/medica.jpg\",\"keywords\":[\"medical\",\"ux design\",\"ux research\",\"messe\",\"Usability\"],\"articleSection\":[\"Veranstaltung\"],\"inLanguage\":\"de\"},{\"@type\":\"WebPage\",\"@id\":\"https:\/\/testsystem.meisel-webdesign.de\/home-usetree-sandbox\/de\/usetree-auf-der-medica-2022\/\",\"url\":\"https:\/\/testsystem.meisel-webdesign.de\/home-usetree-sandbox\/de\/usetree-auf-der-medica-2022\/\",\"name\":\"Veranstaltung - UseTree auf der Medica 2022 - UseTree Sandbox\",\"isPartOf\":{\"@id\":\"https:\/\/testsystem.meisel-webdesign.de\/home-usetree-sandbox\/#website\"},\"primaryImageOfPage\":{\"@id\":\"https:\/\/testsystem.meisel-webdesign.de\/home-usetree-sandbox\/de\/usetree-auf-der-medica-2022\/#primaryimage\"},\"image\":{\"@id\":\"https:\/\/testsystem.meisel-webdesign.de\/home-usetree-sandbox\/de\/usetree-auf-der-medica-2022\/#primaryimage\"},\"thumbnailUrl\":\"https:\/\/testsystem.meisel-webdesign.de\/home-usetree-sandbox\/wp-content\/uploads\/2022\/11\/medica.jpg\",\"datePublished\":\"2022-11-08T15:47:51+00:00\",\"dateModified\":\"2022-11-08T15:48:39+00:00\",\"description\":\"Vom 14. bis 17. November ist UseTree auf dem Gemeinschaftsstand von Berlin Partner in Halle 15 am Stand K22. Besuchen Sie uns!\",\"breadcrumb\":{\"@id\":\"https:\/\/testsystem.meisel-webdesign.de\/home-usetree-sandbox\/de\/usetree-auf-der-medica-2022\/#breadcrumb\"},\"inLanguage\":\"de\",\"potentialAction\":[{\"@type\":\"ReadAction\",\"target\":[\"https:\/\/testsystem.meisel-webdesign.de\/home-usetree-sandbox\/de\/usetree-auf-der-medica-2022\/\"]}]},{\"@type\":\"ImageObject\",\"inLanguage\":\"de\",\"@id\":\"https:\/\/testsystem.meisel-webdesign.de\/home-usetree-sandbox\/de\/usetree-auf-der-medica-2022\/#primaryimage\",\"url\":\"https:\/\/testsystem.meisel-webdesign.de\/home-usetree-sandbox\/wp-content\/uploads\/2022\/11\/medica.jpg\",\"contentUrl\":\"https:\/\/testsystem.meisel-webdesign.de\/home-usetree-sandbox\/wp-content\/uploads\/2022\/11\/medica.jpg\",\"width\":1200,\"height\":800,\"caption\":\"UseTree ist auf der Medica 2022 in D\u00fcsseldorf in Halle 15 Stand K22.\"},{\"@type\":\"BreadcrumbList\",\"@id\":\"https:\/\/testsystem.meisel-webdesign.de\/home-usetree-sandbox\/de\/usetree-auf-der-medica-2022\/#breadcrumb\",\"itemListElement\":[{\"@type\":\"ListItem\",\"position\":1,\"name\":\"Startseite\",\"item\":\"https:\/\/testsystem.meisel-webdesign.de\/home-usetree-sandbox\/de\/\"},{\"@type\":\"ListItem\",\"position\":2,\"name\":\"UseTree auf der Medica 2022\"}]},{\"@type\":\"WebSite\",\"@id\":\"https:\/\/testsystem.meisel-webdesign.de\/home-usetree-sandbox\/#website\",\"url\":\"https:\/\/testsystem.meisel-webdesign.de\/home-usetree-sandbox\/\",\"name\":\"UseTree GmbH\",\"description\":\"Wir gestalten Produktl\u00f6sungen: Methodisch. Ganzheitlich. Einzigartig.\",\"publisher\":{\"@id\":\"https:\/\/testsystem.meisel-webdesign.de\/home-usetree-sandbox\/#organization\"},\"potentialAction\":[{\"@type\":\"SearchAction\",\"target\":{\"@type\":\"EntryPoint\",\"urlTemplate\":\"https:\/\/testsystem.meisel-webdesign.de\/home-usetree-sandbox\/?s={search_term_string}\"},\"query-input\":{\"@type\":\"PropertyValueSpecification\",\"valueRequired\":true,\"valueName\":\"search_term_string\"}}],\"inLanguage\":\"de\"},{\"@type\":\"Organization\",\"@id\":\"https:\/\/testsystem.meisel-webdesign.de\/home-usetree-sandbox\/#organization\",\"name\":\"UseTree GmbH\",\"url\":\"https:\/\/testsystem.meisel-webdesign.de\/home-usetree-sandbox\/\",\"logo\":{\"@type\":\"ImageObject\",\"inLanguage\":\"de\",\"@id\":\"https:\/\/testsystem.meisel-webdesign.de\/home-usetree-sandbox\/#\/schema\/logo\/image\/\",\"url\":\"https:\/\/testsystem.meisel-webdesign.de\/home-usetree-sandbox\/wp-content\/uploads\/2021\/04\/Logo-UseTree-Online_black.png\",\"contentUrl\":\"https:\/\/testsystem.meisel-webdesign.de\/home-usetree-sandbox\/wp-content\/uploads\/2021\/04\/Logo-UseTree-Online_black.png\",\"width\":800,\"height\":800,\"caption\":\"UseTree GmbH\"},\"image\":{\"@id\":\"https:\/\/testsystem.meisel-webdesign.de\/home-usetree-sandbox\/#\/schema\/logo\/image\/\"},\"sameAs\":[\"https:\/\/www.facebook.com\/UseTree-GmbH-1685725755018065\/\",\"https:\/\/x.com\/UseTreeBerlin\",\"https:\/\/www.instagram.com\/usetree_gmbh\/\",\"https:\/\/www.linkedin.com\/company\/usetree-gmbh\/\"]},{\"@type\":\"Person\",\"@id\":\"https:\/\/testsystem.meisel-webdesign.de\/home-usetree-sandbox\/#\/schema\/person\/46a5501ca36407a9f3d2a4ce0a5b75c0\",\"name\":\"Redaktion\",\"image\":{\"@type\":\"ImageObject\",\"inLanguage\":\"de\",\"@id\":\"https:\/\/testsystem.meisel-webdesign.de\/home-usetree-sandbox\/#\/schema\/person\/image\/\",\"url\":\"https:\/\/secure.gravatar.com\/avatar\/11f11f0e866d6a5bd320914c53b3e9d2?s=96&d=mm&r=g\",\"contentUrl\":\"https:\/\/secure.gravatar.com\/avatar\/11f11f0e866d6a5bd320914c53b3e9d2?s=96&d=mm&r=g\",\"caption\":\"Redaktion\"},\"url\":\"https:\/\/testsystem.meisel-webdesign.de\/home-usetree-sandbox\/author\/redaktion\/\"}]}<\/script>\n<!-- \/ Yoast SEO plugin. -->","yoast_head_json":{"title":"Veranstaltung - UseTree auf der Medica 2022 - UseTree Sandbox","description":"Vom 14. bis 17. November ist UseTree auf dem Gemeinschaftsstand von Berlin Partner in Halle 15 am Stand K22. Besuchen Sie uns!","robots":{"index":"noindex","follow":"follow","max-snippet":"max-snippet:-1","max-image-preview":"max-image-preview:large","max-video-preview":"max-video-preview:-1"},"og_locale":"de_DE","og_type":"article","og_title":"Veranstaltung - UseTree auf der Medica 2022 - UseTree Sandbox","og_description":"Vom 14. bis 17. November ist UseTree auf dem Gemeinschaftsstand von Berlin Partner in Halle 15 am Stand K22. Besuchen Sie uns!","og_url":"https:\/\/testsystem.meisel-webdesign.de\/home-usetree-sandbox\/de\/usetree-auf-der-medica-2022\/","og_site_name":"UseTree Sandbox","article_publisher":"https:\/\/www.facebook.com\/UseTree-GmbH-1685725755018065\/","article_published_time":"2022-11-08T15:47:51+00:00","article_modified_time":"2022-11-08T15:48:39+00:00","og_image":[{"width":1200,"height":800,"url":"https:\/\/testsystem.meisel-webdesign.de\/home-usetree-sandbox\/wp-content\/uploads\/2022\/11\/medica.jpg","type":"image\/jpeg"}],"author":"Redaktion","twitter_card":"summary_large_image","twitter_creator":"@UseTreeBerlin","twitter_site":"@UseTreeBerlin","twitter_misc":{"Verfasst von":"Redaktion","Gesch\u00e4tzte Lesezeit":"2\u00a0Minuten"},"schema":{"@context":"https:\/\/schema.org","@graph":[{"@type":"Article","@id":"https:\/\/testsystem.meisel-webdesign.de\/home-usetree-sandbox\/de\/usetree-auf-der-medica-2022\/#article","isPartOf":{"@id":"https:\/\/testsystem.meisel-webdesign.de\/home-usetree-sandbox\/de\/usetree-auf-der-medica-2022\/"},"author":{"name":"Redaktion","@id":"https:\/\/testsystem.meisel-webdesign.de\/home-usetree-sandbox\/#\/schema\/person\/46a5501ca36407a9f3d2a4ce0a5b75c0"},"headline":"UseTree auf der Medica 2022","datePublished":"2022-11-08T15:47:51+00:00","dateModified":"2022-11-08T15:48:39+00:00","mainEntityOfPage":{"@id":"https:\/\/testsystem.meisel-webdesign.de\/home-usetree-sandbox\/de\/usetree-auf-der-medica-2022\/"},"wordCount":214,"publisher":{"@id":"https:\/\/testsystem.meisel-webdesign.de\/home-usetree-sandbox\/#organization"},"image":{"@id":"https:\/\/testsystem.meisel-webdesign.de\/home-usetree-sandbox\/de\/usetree-auf-der-medica-2022\/#primaryimage"},"thumbnailUrl":"https:\/\/testsystem.meisel-webdesign.de\/home-usetree-sandbox\/wp-content\/uploads\/2022\/11\/medica.jpg","keywords":["medical","ux design","ux research","messe","Usability"],"articleSection":["Veranstaltung"],"inLanguage":"de"},{"@type":"WebPage","@id":"https:\/\/testsystem.meisel-webdesign.de\/home-usetree-sandbox\/de\/usetree-auf-der-medica-2022\/","url":"https:\/\/testsystem.meisel-webdesign.de\/home-usetree-sandbox\/de\/usetree-auf-der-medica-2022\/","name":"Veranstaltung - UseTree auf der Medica 2022 - UseTree Sandbox","isPartOf":{"@id":"https:\/\/testsystem.meisel-webdesign.de\/home-usetree-sandbox\/#website"},"primaryImageOfPage":{"@id":"https:\/\/testsystem.meisel-webdesign.de\/home-usetree-sandbox\/de\/usetree-auf-der-medica-2022\/#primaryimage"},"image":{"@id":"https:\/\/testsystem.meisel-webdesign.de\/home-usetree-sandbox\/de\/usetree-auf-der-medica-2022\/#primaryimage"},"thumbnailUrl":"https:\/\/testsystem.meisel-webdesign.de\/home-usetree-sandbox\/wp-content\/uploads\/2022\/11\/medica.jpg","datePublished":"2022-11-08T15:47:51+00:00","dateModified":"2022-11-08T15:48:39+00:00","description":"Vom 14. bis 17. November ist UseTree auf dem Gemeinschaftsstand von Berlin Partner in Halle 15 am Stand K22. Besuchen Sie uns!","breadcrumb":{"@id":"https:\/\/testsystem.meisel-webdesign.de\/home-usetree-sandbox\/de\/usetree-auf-der-medica-2022\/#breadcrumb"},"inLanguage":"de","potentialAction":[{"@type":"ReadAction","target":["https:\/\/testsystem.meisel-webdesign.de\/home-usetree-sandbox\/de\/usetree-auf-der-medica-2022\/"]}]},{"@type":"ImageObject","inLanguage":"de","@id":"https:\/\/testsystem.meisel-webdesign.de\/home-usetree-sandbox\/de\/usetree-auf-der-medica-2022\/#primaryimage","url":"https:\/\/testsystem.meisel-webdesign.de\/home-usetree-sandbox\/wp-content\/uploads\/2022\/11\/medica.jpg","contentUrl":"https:\/\/testsystem.meisel-webdesign.de\/home-usetree-sandbox\/wp-content\/uploads\/2022\/11\/medica.jpg","width":1200,"height":800,"caption":"UseTree ist auf der Medica 2022 in D\u00fcsseldorf in Halle 15 Stand K22."},{"@type":"BreadcrumbList","@id":"https:\/\/testsystem.meisel-webdesign.de\/home-usetree-sandbox\/de\/usetree-auf-der-medica-2022\/#breadcrumb","itemListElement":[{"@type":"ListItem","position":1,"name":"Startseite","item":"https:\/\/testsystem.meisel-webdesign.de\/home-usetree-sandbox\/de\/"},{"@type":"ListItem","position":2,"name":"UseTree auf der Medica 2022"}]},{"@type":"WebSite","@id":"https:\/\/testsystem.meisel-webdesign.de\/home-usetree-sandbox\/#website","url":"https:\/\/testsystem.meisel-webdesign.de\/home-usetree-sandbox\/","name":"UseTree GmbH","description":"Wir gestalten Produktl\u00f6sungen: Methodisch. Ganzheitlich. Einzigartig.","publisher":{"@id":"https:\/\/testsystem.meisel-webdesign.de\/home-usetree-sandbox\/#organization"},"potentialAction":[{"@type":"SearchAction","target":{"@type":"EntryPoint","urlTemplate":"https:\/\/testsystem.meisel-webdesign.de\/home-usetree-sandbox\/?s={search_term_string}"},"query-input":{"@type":"PropertyValueSpecification","valueRequired":true,"valueName":"search_term_string"}}],"inLanguage":"de"},{"@type":"Organization","@id":"https:\/\/testsystem.meisel-webdesign.de\/home-usetree-sandbox\/#organization","name":"UseTree GmbH","url":"https:\/\/testsystem.meisel-webdesign.de\/home-usetree-sandbox\/","logo":{"@type":"ImageObject","inLanguage":"de","@id":"https:\/\/testsystem.meisel-webdesign.de\/home-usetree-sandbox\/#\/schema\/logo\/image\/","url":"https:\/\/testsystem.meisel-webdesign.de\/home-usetree-sandbox\/wp-content\/uploads\/2021\/04\/Logo-UseTree-Online_black.png","contentUrl":"https:\/\/testsystem.meisel-webdesign.de\/home-usetree-sandbox\/wp-content\/uploads\/2021\/04\/Logo-UseTree-Online_black.png","width":800,"height":800,"caption":"UseTree GmbH"},"image":{"@id":"https:\/\/testsystem.meisel-webdesign.de\/home-usetree-sandbox\/#\/schema\/logo\/image\/"},"sameAs":["https:\/\/www.facebook.com\/UseTree-GmbH-1685725755018065\/","https:\/\/x.com\/UseTreeBerlin","https:\/\/www.instagram.com\/usetree_gmbh\/","https:\/\/www.linkedin.com\/company\/usetree-gmbh\/"]},{"@type":"Person","@id":"https:\/\/testsystem.meisel-webdesign.de\/home-usetree-sandbox\/#\/schema\/person\/46a5501ca36407a9f3d2a4ce0a5b75c0","name":"Redaktion","image":{"@type":"ImageObject","inLanguage":"de","@id":"https:\/\/testsystem.meisel-webdesign.de\/home-usetree-sandbox\/#\/schema\/person\/image\/","url":"https:\/\/secure.gravatar.com\/avatar\/11f11f0e866d6a5bd320914c53b3e9d2?s=96&d=mm&r=g","contentUrl":"https:\/\/secure.gravatar.com\/avatar\/11f11f0e866d6a5bd320914c53b3e9d2?s=96&d=mm&r=g","caption":"Redaktion"},"url":"https:\/\/testsystem.meisel-webdesign.de\/home-usetree-sandbox\/author\/redaktion\/"}]}},"lang":"de","translations":{"de":59972,"en":59979},"pll_sync_post":[],"_links":{"self":[{"href":"https:\/\/testsystem.meisel-webdesign.de\/home-usetree-sandbox\/wp-json\/wp\/v2\/posts\/59972"}],"collection":[{"href":"https:\/\/testsystem.meisel-webdesign.de\/home-usetree-sandbox\/wp-json\/wp\/v2\/posts"}],"about":[{"href":"https:\/\/testsystem.meisel-webdesign.de\/home-usetree-sandbox\/wp-json\/wp\/v2\/types\/post"}],"author":[{"embeddable":true,"href":"https:\/\/testsystem.meisel-webdesign.de\/home-usetree-sandbox\/wp-json\/wp\/v2\/users\/2"}],"replies":[{"embeddable":true,"href":"https:\/\/testsystem.meisel-webdesign.de\/home-usetree-sandbox\/wp-json\/wp\/v2\/comments?post=59972"}],"version-history":[{"count":16,"href":"https:\/\/testsystem.meisel-webdesign.de\/home-usetree-sandbox\/wp-json\/wp\/v2\/posts\/59972\/revisions"}],"predecessor-version":[{"id":59998,"href":"https:\/\/testsystem.meisel-webdesign.de\/home-usetree-sandbox\/wp-json\/wp\/v2\/posts\/59972\/revisions\/59998"}],"wp:featuredmedia":[{"embeddable":true,"href":"https:\/\/testsystem.meisel-webdesign.de\/home-usetree-sandbox\/wp-json\/wp\/v2\/media\/59987"}],"wp:attachment":[{"href":"https:\/\/testsystem.meisel-webdesign.de\/home-usetree-sandbox\/wp-json\/wp\/v2\/media?parent=59972"}],"wp:term":[{"taxonomy":"category","embeddable":true,"href":"https:\/\/testsystem.meisel-webdesign.de\/home-usetree-sandbox\/wp-json\/wp\/v2\/categories?post=59972"},{"taxonomy":"post_tag","embeddable":true,"href":"https:\/\/testsystem.meisel-webdesign.de\/home-usetree-sandbox\/wp-json\/wp\/v2\/tags?post=59972"}],"curies":[{"name":"wp","href":"https:\/\/api.w.org\/{rel}","templated":true}]}}