{"id":57302,"date":"2016-06-13T11:54:40","date_gmt":"2016-06-13T09:54:40","guid":{"rendered":"http:\/\/newhome.usetree.de\/?p=57302"},"modified":"2018-12-07T14:15:25","modified_gmt":"2018-12-07T13:15:25","slug":"interview-mit-prof-dr-gesche-jost","status":"publish","type":"post","link":"https:\/\/testsystem.meisel-webdesign.de\/home-usetree-sandbox\/de\/interview-mit-prof-dr-gesche-jost\/","title":{"rendered":"Gute Frage an Prof. Dr. Gesche Jost"},"content":{"rendered":"\n<figure class=\"wp-block-embed-youtube wp-block-embed is-type-video is-provider-youtube wp-embed-aspect-16-9 wp-has-aspect-ratio\"><div class=\"wp-block-embed__wrapper\">\n<iframe loading=\"lazy\" title=\"Gute Frage an Prof. Dr. Gesche Joost\" width=\"500\" height=\"281\" src=\"https:\/\/www.youtube.com\/embed\/Ivsu3lBM2kU?feature=oembed\" frameborder=\"0\" allow=\"accelerometer; autoplay; clipboard-write; encrypted-media; gyroscope; picture-in-picture; web-share\" referrerpolicy=\"strict-origin-when-cross-origin\" allowfullscreen><\/iframe>\n<\/div><\/figure>\n\n\n\n<h3 class=\"wp-block-heading\"><br>Was fasziniert Sie an den Informationstechnologien?<\/h3>\n\n\n\n<p>Daran fasziniert mich, dass es so viele wunderbare neue Entwicklungen gibt, die man \u00fcberall integrieren kann. Also sowohl kommunizieren wir vernetzt heutzutage durch Informationstechnologien, aber wir haben auch die M\u00f6glichkeit, z. B. im Bereich Wearable Computing, kleine quasi Mini-Computer in die Kleidung zu integrieren und dadurch ganz neue Interaktionsformen zu entwickeln. Und ich als Designerin finde das nat\u00fcrlich toll und daf\u00fcr braucht man eine ganz wunderbare User Experience \u2013 also die Nutzerakzeptanz, die Nutzererfahrung muss ganz besonders gut gestaltet sein. Und das ist ein faszinierender Aspekt an Informationstechnologien.<\/p>\n\n\n\n<h3 class=\"wp-block-heading\">Sie sind seit M\u00e4rz 2014 die Digitale Botschafterin Deutschlands. Mit welcher Ma\u00dfnahme versuchen Sie europ\u00e4ische Unternehmen gegen die US-amerikanische Dominanz im Internet zu unterst\u00fctzen?<\/h3>\n\n\n\n<p>Das ist eine schwierige Frage, so ganz einfach ist das nicht. Es gibt ja viele Fragestellungen auf europ\u00e4ischer Ebene, die darauf hinzielen: Gibt es Monopolstellungen, also kann man sozusagen kartellrechtlich etwas machen? Es gab einmal so eine These, ob man Google zerschlagen sollte, also ob es da wirklich harte Ma\u00dfnahmen dagegen geben sollte. Was im Moment eher gemacht wird, ist zu versuchen, auf europ\u00e4ischer Ebene Industrieverb\u00fcnde zu st\u00e4rken, einfach durch Konkurrenz auf dem Markt eine Verbesserung dieser Wettbewerbssituation hinzubekommen. Also ich bin eigentlich dagegen, dass man wirklich gro\u00dfe Zerschlagungspl\u00e4ne zu Felde f\u00fchrt, sondern dass man eher sagt, man st\u00e4rkt den europ\u00e4ischen digitalen Binnenmarkt, man versucht eigentlich dieses Gewicht, was Europa mit allen Unternehmen wirklich in die Waagschale werfen kann, dass man das unterst\u00fctzt durch industriepolitische Ma\u00dfnahmen. Und ich glaube, dann kommen wir da zu einem guten Ausgleich hin, um dieser Monopolbildung oder dieser Plattformbildung durch die Digitalisierung entgegenzuwirken.<\/p>\n\n\n\n<h3 class=\"wp-block-heading\">Elon Musk hat in einem Interview gesagt, dass ihm die Entwicklung von k\u00fcnstlicher Intelligenz teilweise schlaflose N\u00e4chte bereitet. Gibt es technologische Entwicklungen, die Ihnen Angst machen?<\/h3>\n\n\n\n<p>Eine schwierige Frage, Angst macht mir das nicht. Ich glaube aber, wir sehen jetzt gerade in den letzten Jahren auch sehr viele Schattenseiten der Digitalisierung auf uns zu kommen. Wenn man so den Vergleich hat: In den 90er Jahren war es ja sehr stark so, dass wir das Internet euphorisch gefeiert haben und gesagt haben, es gibt eigentlich einen neuen basisdemokratischen Raum durch die Digitalisierung. Und heute sehen wir stark auch Radikalisierungen durch das Netz. Wir sehen den sogenannten Echokammereffekt, dass sich einfach Prozesse selbst verst\u00e4rken oder dass sich auch bestimmte Gruppierungen selbst verst\u00e4rken und dadurch radikalisieren. Und das ist eine gro\u00dfe Schwierigkeit, die mir sicherlich auch Angst macht \u2013 also wie k\u00f6nnen wir diesem eigentlich wunderbaren sozialen Raums des Internets, wie k\u00f6nnen wir dem gute Leitplanken geben, damit eben solche Radikalisierungstendenzen abgeschw\u00e4cht werden zumindest. Und das kann passieren z. B. durch Gegenrede, durch Counterspeach sozusagen, das kann passieren durch L\u00f6schen oder Sperren von Hasskommentaren im Netz. Das sind ganz konkrete Ma\u00dfnahmen. Aber da muss man eben schauen, dass man eine gute Balance hinbekommt, damit man keine schlaflosen N\u00e4chte hat.<\/p>\n\n\n\n<h3 class=\"wp-block-heading\">Sehen Sie in Anbetracht des technologischen Wandels als Hochschullehrerin neue oder bisher vernachl\u00e4ssigte Aufgaben auf Schulen und Hochschulen zukommen?<\/h3>\n\n\n\n<p>Ganz klar ja, ein ganz gro\u00dfes Ja. Und zwar auf Hochschulen kommt zu, dass wir mehr Gr\u00fcndungen f\u00f6rdern m\u00fcssen, dass wir mehr die M\u00f6glichkeiten der Digitalisierung nutzen m\u00fcssen, dass wir neue Formate auch der digitalen Bildung in der Hochschullehre einbringen m\u00fcssen \u2013 also so etwas wie gro\u00dfe Plattformen, wie Udacity oder iversity, die machen uns das vor. Also dass wir mehr eine Vernetzung zwischen analogem vor Ort Lernen und digital vernetztem Lernen hinbekommen sollten. Das ist der eine Punkt.<\/p>\n\n\n\n<p>Auf Schulen kommt eine Riesenaufgabe zu. Die m\u00fcssen n\u00e4mlich digitale Bildung vermitteln und das machen sie bisher in Deutschland gar nicht. Und das ist wirklich tragisch, das kann so nicht weitergehen. In Europa gibt es gute Beispiele, wie es besser gemacht werden kann. Man muss Kindern heute, wie ich finde, sogar an der Grundschule, ja eigentlich Grundkenntnisse im Programmieren, in digitalen Kenntnissen, in Medienkompetenz beibringen, damit die in der digitalen Welt \u00fcberhaupt bestehen k\u00f6nnen.<\/p>\n\n\n\n<h3 class=\"wp-block-heading\">Bitte schildern Sie den ersten Gedanken, den Sie mit UseTree verbinden.<\/h3>\n\n\n\n<p>Der erste Gedanke: Es sind total nette Leute, es ist ein tolles Startup von TU und UdK, also sozusagen aus dem home turf hier entstanden. Ich finde es ganz toll, dass sich eben junge Leute hier zusammengetan haben, um Usability und User Experience nach vorne zu bringen. UseTree ist ein sch\u00f6nes Bild, weil es eben diesen Baum und den Nutzen zusammenbringt und so etwas Wachsendes hat. Und ja, ich w\u00fcnsche diesem jungen Team total viel Erfolg!<\/p>\n\n\n\n<h3 class=\"wp-block-heading\">Wo w\u00fcrden Sie die Grenze zwischen Usability und UX sehen? K\u00f6nnen Sie ein Beispiel f\u00fcr eine besonders gelungene User Experience nennen?<\/h3>\n\n\n\n<p>Usability und UX gehen f\u00fcr mich ineinender \u00fcber, denn Usability ist eigentlich ein Begriff, der so in den 90er Jahren gepr\u00e4gt wurde und da ging es auch ganz stark darum, dass man vielleicht einen etwas verengten Begriff vom Nutzer hatte. Also der Nutzer muss seine Aufgabe in einer bestimmten Zeit erf\u00fcllen und dann war das System sozusagen usable, dann war es nutzbar. User Experinence geht weiter und nimmt eben den ganzen Erfahrungshorizont des Nutzers oder der Nutzerin mit in den Blick und der wird eben auch nicht mehr nur in seiner Funktion genommen, Software richtig zu benutzen, sondern welche Erfahrungen hat er \u2013 hat er vielleicht Spa\u00df dabei. Das ist eigentlich ein sehr sch\u00f6nes Konzept und ein sehr viel breiteres, also insofern bin ich klarer Fan von User Experience. Und gute Beispiele sind einfach im Alttag zu finden. Also ein Kochl\u00f6ffel ist z. B. ein sehr, sehr gutes Beispiel f\u00fcr eine gute User Experience \u2013 wenn er aus einem tollen Holz gemacht ist, wenn man damit ordentlich Sachen umr\u00fchren kann und dadurch einfach das Gesamterlebnis sehr, sehr gut ist. Also ist das mein Lieblingsbeispiel f\u00fcr User Experience.<\/p>\n\n\n\n<h3 class=\"wp-block-heading\">Ist aus Ihrer Sicht die demografische Entwicklung in Europa ein Handicap f\u00fcr den Ausbau der Informationstechnologien oder k\u00f6nnen Sie auch Chancen oder gar Vorteile daraus ableiten?<\/h3>\n\n\n\n<p>Ich mache viel zum Thema demografischer Wandel und habe auch viele Studien jetzt dazu gelesen, was diesen sogenannten digital gap angeht, also den digital divide \u2013 die Spaltung derer, in die die online und Internet-affin sind und die die abgeh\u00e4ngt sind. Und das hat einerseits mit der alternden Bev\u00f6lkerung zu tun, aber andererseits auch mit der wachsenden Spaltung, dass viele gar nicht so gebildet sind oder gar nicht den Zugang zu Bildung haben, um teilhaben zu k\u00f6nnen an der digital vernetzten Gesellschaft. Insofern ist dieser demografische Aspekt der Alterung nur einer. Ich glaube aber trotzdem, dass, wenn wir gute Bildungsma\u00dfnahmen hinbekommen \u2013 bis ins hohe Alter \u2013 also wenn wir lebenslanges Lernen in der Digitalisierung auch wirklich Realit\u00e4t werden lassen, dass es dann nicht ein Handicap ist, sondern wirklich Vorteile und Chancen daraus entstehen k\u00f6nnen. Denn mein Zielbild ist eine sogenannte \u201eInklusive-Digitale-Gesellschaft&#8220;, die allen den Zugang zu den Vorteilen der Digitalisierung geben kann. Insofern ist das dann auch wieder eine Chance durch Bildung.<\/p>\n\n\n\n<h3 class=\"wp-block-heading\">Das Land Berlin versucht verst\u00e4rkt auf Informationstechnologien zu setzen. Welche Standortvorteile k\u00f6nnen Sie ausmachen?<\/h3>\n\n\n\n<p>Insofern ist die Frage doch ein Hauptgewinn, weil Berlin ein ganz ganz gro\u00dfer, gro\u00dfartiger Standort f\u00fcr Digitalisierung ist. Wir haben ganz viele spannende Bausteine jetzt zusammengesammelt. Es gibt eine digitalen Agenda, auch des Regierenden B\u00fcrgermeisters. Und zwei Aspekte davon: einer ist ein Einsteinzentrum f\u00fcr Digitalisierung, was jetzt beantragt wird, wo alle Berliner Universit\u00e4ten sich eingebracht haben und die Aspekte der Digitalisierung von der technologischen Perspektive her nach vorne bringen wollen \u2013 also richtig so geb\u00fcndelte, geballte Technologiekompetenz, also ein richtig tolles Teil. Und das zweite ist, wir haben einen Antrag in den Ring geworfen zum bundesdeutschen Internet-Institut. Da wird es eher um die sozialen und gesellschaftspolitischen Aspekte gehen. Also z. B. wem geh\u00f6ren eigentlich meine Daten, wird in Zukunft eine Frage sein, wenn mein selbstfahrendes Auto dauernd Daten produziert: Geh\u00f6ren sie mir oder dem Auto oder der Stadt Berlin oder den Konzernen? Solche Fragen werden spannend sein. Auch Fragen der digitalen Souver\u00e4nit\u00e4t: K\u00f6nnen wir eigentlich noch m\u00fcndig mit unseren Daten z. B. agieren, was w\u00e4ren Voraussetzungen daf\u00fcr? Die sollen alle in diesem bundesdeutschen Internet-Institut behandelt werden. Insofern haben wir da in Berlin schon mal zwei ganz gro\u00dfe Schwergewichte, die wir hier ins Rennen schicken, neben ganz vielen anderen Ma\u00dfnahmen, neben solchen tollen Startups, wie wir sie hier sehen, neben solchen Startup-Zentren auch, die hier entstehen. Insofern ist Berlin wirklich pr\u00e4destiniert f\u00fcr die Digitalisierungshauptstadt von Europa.<\/p>\n\n\n\n<p>Medienquelle: UseTree<\/p>\n","protected":false},"excerpt":{"rendered":"<p>Gesche ist Professorin f\u00fcr Designforschung an der Universit\u00e4t der K\u00fcnste Berlin und leitet das Design Research Lab. Sie ist Vorsitzende der Deutschen Gesellschaft f\u00fcr Designtheorie und -forschung e.V. und Mitglied des Vorstands der Technologiestiftung Berlin.<\/p>\n","protected":false},"author":2,"featured_media":57315,"comment_status":"closed","ping_status":"closed","sticky":false,"template":"","format":"standard","meta":{"_acf_changed":false,"footnotes":""},"categories":[686],"tags":[750],"acf":[],"yoast_head":"<!-- This site is optimized with the Yoast SEO plugin v24.5 - https:\/\/yoast.com\/wordpress\/plugins\/seo\/ -->\n<title>Gute Frage an Prof. Dr. Gesche Jost - UseTree Sandbox<\/title>\n<meta name=\"robots\" content=\"noindex, follow, max-snippet:-1, max-image-preview:large, max-video-preview:-1\" \/>\n<meta property=\"og:locale\" content=\"de_DE\" \/>\n<meta property=\"og:type\" content=\"article\" \/>\n<meta property=\"og:title\" content=\"Gute Frage an Prof. Dr. Gesche Jost - UseTree Sandbox\" \/>\n<meta property=\"og:description\" content=\"Gesche ist Professorin f\u00fcr Designforschung an der Universit\u00e4t der K\u00fcnste Berlin und leitet das Design Research Lab. Sie ist Vorsitzende der Deutschen Gesellschaft f\u00fcr Designtheorie und -forschung e.V. und Mitglied des Vorstands der Technologiestiftung Berlin.\" \/>\n<meta property=\"og:url\" content=\"https:\/\/testsystem.meisel-webdesign.de\/home-usetree-sandbox\/de\/interview-mit-prof-dr-gesche-jost\/\" \/>\n<meta property=\"og:site_name\" content=\"UseTree Sandbox\" \/>\n<meta property=\"article:publisher\" content=\"https:\/\/www.facebook.com\/UseTree-GmbH-1685725755018065\/\" \/>\n<meta property=\"article:published_time\" content=\"2016-06-13T09:54:40+00:00\" \/>\n<meta property=\"article:modified_time\" content=\"2018-12-07T13:15:25+00:00\" \/>\n<meta property=\"og:image\" content=\"https:\/\/testsystem.meisel-webdesign.de\/home-usetree-sandbox\/wp-content\/uploads\/2018\/12\/GescheJost.jpg\" \/>\n\t<meta property=\"og:image:width\" content=\"1200\" \/>\n\t<meta property=\"og:image:height\" content=\"900\" \/>\n\t<meta property=\"og:image:type\" content=\"image\/jpeg\" \/>\n<meta name=\"author\" content=\"Redaktion\" \/>\n<meta name=\"twitter:card\" content=\"summary_large_image\" \/>\n<meta name=\"twitter:creator\" content=\"@UseTreeBerlin\" \/>\n<meta name=\"twitter:site\" content=\"@UseTreeBerlin\" \/>\n<meta name=\"twitter:label1\" content=\"Verfasst von\" \/>\n\t<meta name=\"twitter:data1\" content=\"Redaktion\" \/>\n\t<meta name=\"twitter:label2\" content=\"Gesch\u00e4tzte Lesezeit\" \/>\n\t<meta name=\"twitter:data2\" content=\"7\u00a0Minuten\" \/>\n<script type=\"application\/ld+json\" class=\"yoast-schema-graph\">{\"@context\":\"https:\/\/schema.org\",\"@graph\":[{\"@type\":\"Article\",\"@id\":\"https:\/\/testsystem.meisel-webdesign.de\/home-usetree-sandbox\/de\/interview-mit-prof-dr-gesche-jost\/#article\",\"isPartOf\":{\"@id\":\"https:\/\/testsystem.meisel-webdesign.de\/home-usetree-sandbox\/de\/interview-mit-prof-dr-gesche-jost\/\"},\"author\":{\"name\":\"Redaktion\",\"@id\":\"https:\/\/testsystem.meisel-webdesign.de\/home-usetree-sandbox\/#\/schema\/person\/46a5501ca36407a9f3d2a4ce0a5b75c0\"},\"headline\":\"Gute Frage an Prof. Dr. Gesche Jost\",\"datePublished\":\"2016-06-13T09:54:40+00:00\",\"dateModified\":\"2018-12-07T13:15:25+00:00\",\"mainEntityOfPage\":{\"@id\":\"https:\/\/testsystem.meisel-webdesign.de\/home-usetree-sandbox\/de\/interview-mit-prof-dr-gesche-jost\/\"},\"wordCount\":1458,\"publisher\":{\"@id\":\"https:\/\/testsystem.meisel-webdesign.de\/home-usetree-sandbox\/#organization\"},\"image\":{\"@id\":\"https:\/\/testsystem.meisel-webdesign.de\/home-usetree-sandbox\/de\/interview-mit-prof-dr-gesche-jost\/#primaryimage\"},\"thumbnailUrl\":\"https:\/\/testsystem.meisel-webdesign.de\/home-usetree-sandbox\/wp-content\/uploads\/2018\/12\/GescheJost.jpg\",\"keywords\":[\"Interview\"],\"articleSection\":[\"Gute Frage\"],\"inLanguage\":\"de\"},{\"@type\":\"WebPage\",\"@id\":\"https:\/\/testsystem.meisel-webdesign.de\/home-usetree-sandbox\/de\/interview-mit-prof-dr-gesche-jost\/\",\"url\":\"https:\/\/testsystem.meisel-webdesign.de\/home-usetree-sandbox\/de\/interview-mit-prof-dr-gesche-jost\/\",\"name\":\"Gute Frage an Prof. Dr. Gesche Jost - UseTree Sandbox\",\"isPartOf\":{\"@id\":\"https:\/\/testsystem.meisel-webdesign.de\/home-usetree-sandbox\/#website\"},\"primaryImageOfPage\":{\"@id\":\"https:\/\/testsystem.meisel-webdesign.de\/home-usetree-sandbox\/de\/interview-mit-prof-dr-gesche-jost\/#primaryimage\"},\"image\":{\"@id\":\"https:\/\/testsystem.meisel-webdesign.de\/home-usetree-sandbox\/de\/interview-mit-prof-dr-gesche-jost\/#primaryimage\"},\"thumbnailUrl\":\"https:\/\/testsystem.meisel-webdesign.de\/home-usetree-sandbox\/wp-content\/uploads\/2018\/12\/GescheJost.jpg\",\"datePublished\":\"2016-06-13T09:54:40+00:00\",\"dateModified\":\"2018-12-07T13:15:25+00:00\",\"breadcrumb\":{\"@id\":\"https:\/\/testsystem.meisel-webdesign.de\/home-usetree-sandbox\/de\/interview-mit-prof-dr-gesche-jost\/#breadcrumb\"},\"inLanguage\":\"de\",\"potentialAction\":[{\"@type\":\"ReadAction\",\"target\":[\"https:\/\/testsystem.meisel-webdesign.de\/home-usetree-sandbox\/de\/interview-mit-prof-dr-gesche-jost\/\"]}]},{\"@type\":\"ImageObject\",\"inLanguage\":\"de\",\"@id\":\"https:\/\/testsystem.meisel-webdesign.de\/home-usetree-sandbox\/de\/interview-mit-prof-dr-gesche-jost\/#primaryimage\",\"url\":\"https:\/\/testsystem.meisel-webdesign.de\/home-usetree-sandbox\/wp-content\/uploads\/2018\/12\/GescheJost.jpg\",\"contentUrl\":\"https:\/\/testsystem.meisel-webdesign.de\/home-usetree-sandbox\/wp-content\/uploads\/2018\/12\/GescheJost.jpg\",\"width\":1200,\"height\":900},{\"@type\":\"BreadcrumbList\",\"@id\":\"https:\/\/testsystem.meisel-webdesign.de\/home-usetree-sandbox\/de\/interview-mit-prof-dr-gesche-jost\/#breadcrumb\",\"itemListElement\":[{\"@type\":\"ListItem\",\"position\":1,\"name\":\"Startseite\",\"item\":\"https:\/\/testsystem.meisel-webdesign.de\/home-usetree-sandbox\/de\/\"},{\"@type\":\"ListItem\",\"position\":2,\"name\":\"Gute Frage an Prof. Dr. Gesche Jost\"}]},{\"@type\":\"WebSite\",\"@id\":\"https:\/\/testsystem.meisel-webdesign.de\/home-usetree-sandbox\/#website\",\"url\":\"https:\/\/testsystem.meisel-webdesign.de\/home-usetree-sandbox\/\",\"name\":\"UseTree GmbH\",\"description\":\"Wir gestalten Produktl\u00f6sungen: Methodisch. Ganzheitlich. Einzigartig.\",\"publisher\":{\"@id\":\"https:\/\/testsystem.meisel-webdesign.de\/home-usetree-sandbox\/#organization\"},\"potentialAction\":[{\"@type\":\"SearchAction\",\"target\":{\"@type\":\"EntryPoint\",\"urlTemplate\":\"https:\/\/testsystem.meisel-webdesign.de\/home-usetree-sandbox\/?s={search_term_string}\"},\"query-input\":{\"@type\":\"PropertyValueSpecification\",\"valueRequired\":true,\"valueName\":\"search_term_string\"}}],\"inLanguage\":\"de\"},{\"@type\":\"Organization\",\"@id\":\"https:\/\/testsystem.meisel-webdesign.de\/home-usetree-sandbox\/#organization\",\"name\":\"UseTree GmbH\",\"url\":\"https:\/\/testsystem.meisel-webdesign.de\/home-usetree-sandbox\/\",\"logo\":{\"@type\":\"ImageObject\",\"inLanguage\":\"de\",\"@id\":\"https:\/\/testsystem.meisel-webdesign.de\/home-usetree-sandbox\/#\/schema\/logo\/image\/\",\"url\":\"https:\/\/testsystem.meisel-webdesign.de\/home-usetree-sandbox\/wp-content\/uploads\/2021\/04\/Logo-UseTree-Online_black.png\",\"contentUrl\":\"https:\/\/testsystem.meisel-webdesign.de\/home-usetree-sandbox\/wp-content\/uploads\/2021\/04\/Logo-UseTree-Online_black.png\",\"width\":800,\"height\":800,\"caption\":\"UseTree GmbH\"},\"image\":{\"@id\":\"https:\/\/testsystem.meisel-webdesign.de\/home-usetree-sandbox\/#\/schema\/logo\/image\/\"},\"sameAs\":[\"https:\/\/www.facebook.com\/UseTree-GmbH-1685725755018065\/\",\"https:\/\/x.com\/UseTreeBerlin\",\"https:\/\/www.instagram.com\/usetree_gmbh\/\",\"https:\/\/www.linkedin.com\/company\/usetree-gmbh\/\"]},{\"@type\":\"Person\",\"@id\":\"https:\/\/testsystem.meisel-webdesign.de\/home-usetree-sandbox\/#\/schema\/person\/46a5501ca36407a9f3d2a4ce0a5b75c0\",\"name\":\"Redaktion\",\"image\":{\"@type\":\"ImageObject\",\"inLanguage\":\"de\",\"@id\":\"https:\/\/testsystem.meisel-webdesign.de\/home-usetree-sandbox\/#\/schema\/person\/image\/\",\"url\":\"https:\/\/secure.gravatar.com\/avatar\/11f11f0e866d6a5bd320914c53b3e9d2?s=96&d=mm&r=g\",\"contentUrl\":\"https:\/\/secure.gravatar.com\/avatar\/11f11f0e866d6a5bd320914c53b3e9d2?s=96&d=mm&r=g\",\"caption\":\"Redaktion\"},\"url\":\"https:\/\/testsystem.meisel-webdesign.de\/home-usetree-sandbox\/author\/redaktion\/\"}]}<\/script>\n<!-- \/ Yoast SEO plugin. -->","yoast_head_json":{"title":"Gute Frage an Prof. Dr. Gesche Jost - UseTree Sandbox","robots":{"index":"noindex","follow":"follow","max-snippet":"max-snippet:-1","max-image-preview":"max-image-preview:large","max-video-preview":"max-video-preview:-1"},"og_locale":"de_DE","og_type":"article","og_title":"Gute Frage an Prof. Dr. Gesche Jost - UseTree Sandbox","og_description":"Gesche ist Professorin f\u00fcr Designforschung an der Universit\u00e4t der K\u00fcnste Berlin und leitet das Design Research Lab. Sie ist Vorsitzende der Deutschen Gesellschaft f\u00fcr Designtheorie und -forschung e.V. und Mitglied des Vorstands der Technologiestiftung Berlin.","og_url":"https:\/\/testsystem.meisel-webdesign.de\/home-usetree-sandbox\/de\/interview-mit-prof-dr-gesche-jost\/","og_site_name":"UseTree Sandbox","article_publisher":"https:\/\/www.facebook.com\/UseTree-GmbH-1685725755018065\/","article_published_time":"2016-06-13T09:54:40+00:00","article_modified_time":"2018-12-07T13:15:25+00:00","og_image":[{"width":1200,"height":900,"url":"https:\/\/testsystem.meisel-webdesign.de\/home-usetree-sandbox\/wp-content\/uploads\/2018\/12\/GescheJost.jpg","type":"image\/jpeg"}],"author":"Redaktion","twitter_card":"summary_large_image","twitter_creator":"@UseTreeBerlin","twitter_site":"@UseTreeBerlin","twitter_misc":{"Verfasst von":"Redaktion","Gesch\u00e4tzte Lesezeit":"7\u00a0Minuten"},"schema":{"@context":"https:\/\/schema.org","@graph":[{"@type":"Article","@id":"https:\/\/testsystem.meisel-webdesign.de\/home-usetree-sandbox\/de\/interview-mit-prof-dr-gesche-jost\/#article","isPartOf":{"@id":"https:\/\/testsystem.meisel-webdesign.de\/home-usetree-sandbox\/de\/interview-mit-prof-dr-gesche-jost\/"},"author":{"name":"Redaktion","@id":"https:\/\/testsystem.meisel-webdesign.de\/home-usetree-sandbox\/#\/schema\/person\/46a5501ca36407a9f3d2a4ce0a5b75c0"},"headline":"Gute Frage an Prof. Dr. Gesche Jost","datePublished":"2016-06-13T09:54:40+00:00","dateModified":"2018-12-07T13:15:25+00:00","mainEntityOfPage":{"@id":"https:\/\/testsystem.meisel-webdesign.de\/home-usetree-sandbox\/de\/interview-mit-prof-dr-gesche-jost\/"},"wordCount":1458,"publisher":{"@id":"https:\/\/testsystem.meisel-webdesign.de\/home-usetree-sandbox\/#organization"},"image":{"@id":"https:\/\/testsystem.meisel-webdesign.de\/home-usetree-sandbox\/de\/interview-mit-prof-dr-gesche-jost\/#primaryimage"},"thumbnailUrl":"https:\/\/testsystem.meisel-webdesign.de\/home-usetree-sandbox\/wp-content\/uploads\/2018\/12\/GescheJost.jpg","keywords":["Interview"],"articleSection":["Gute Frage"],"inLanguage":"de"},{"@type":"WebPage","@id":"https:\/\/testsystem.meisel-webdesign.de\/home-usetree-sandbox\/de\/interview-mit-prof-dr-gesche-jost\/","url":"https:\/\/testsystem.meisel-webdesign.de\/home-usetree-sandbox\/de\/interview-mit-prof-dr-gesche-jost\/","name":"Gute Frage an Prof. Dr. Gesche Jost - UseTree Sandbox","isPartOf":{"@id":"https:\/\/testsystem.meisel-webdesign.de\/home-usetree-sandbox\/#website"},"primaryImageOfPage":{"@id":"https:\/\/testsystem.meisel-webdesign.de\/home-usetree-sandbox\/de\/interview-mit-prof-dr-gesche-jost\/#primaryimage"},"image":{"@id":"https:\/\/testsystem.meisel-webdesign.de\/home-usetree-sandbox\/de\/interview-mit-prof-dr-gesche-jost\/#primaryimage"},"thumbnailUrl":"https:\/\/testsystem.meisel-webdesign.de\/home-usetree-sandbox\/wp-content\/uploads\/2018\/12\/GescheJost.jpg","datePublished":"2016-06-13T09:54:40+00:00","dateModified":"2018-12-07T13:15:25+00:00","breadcrumb":{"@id":"https:\/\/testsystem.meisel-webdesign.de\/home-usetree-sandbox\/de\/interview-mit-prof-dr-gesche-jost\/#breadcrumb"},"inLanguage":"de","potentialAction":[{"@type":"ReadAction","target":["https:\/\/testsystem.meisel-webdesign.de\/home-usetree-sandbox\/de\/interview-mit-prof-dr-gesche-jost\/"]}]},{"@type":"ImageObject","inLanguage":"de","@id":"https:\/\/testsystem.meisel-webdesign.de\/home-usetree-sandbox\/de\/interview-mit-prof-dr-gesche-jost\/#primaryimage","url":"https:\/\/testsystem.meisel-webdesign.de\/home-usetree-sandbox\/wp-content\/uploads\/2018\/12\/GescheJost.jpg","contentUrl":"https:\/\/testsystem.meisel-webdesign.de\/home-usetree-sandbox\/wp-content\/uploads\/2018\/12\/GescheJost.jpg","width":1200,"height":900},{"@type":"BreadcrumbList","@id":"https:\/\/testsystem.meisel-webdesign.de\/home-usetree-sandbox\/de\/interview-mit-prof-dr-gesche-jost\/#breadcrumb","itemListElement":[{"@type":"ListItem","position":1,"name":"Startseite","item":"https:\/\/testsystem.meisel-webdesign.de\/home-usetree-sandbox\/de\/"},{"@type":"ListItem","position":2,"name":"Gute Frage an Prof. Dr. Gesche Jost"}]},{"@type":"WebSite","@id":"https:\/\/testsystem.meisel-webdesign.de\/home-usetree-sandbox\/#website","url":"https:\/\/testsystem.meisel-webdesign.de\/home-usetree-sandbox\/","name":"UseTree GmbH","description":"Wir gestalten Produktl\u00f6sungen: Methodisch. Ganzheitlich. Einzigartig.","publisher":{"@id":"https:\/\/testsystem.meisel-webdesign.de\/home-usetree-sandbox\/#organization"},"potentialAction":[{"@type":"SearchAction","target":{"@type":"EntryPoint","urlTemplate":"https:\/\/testsystem.meisel-webdesign.de\/home-usetree-sandbox\/?s={search_term_string}"},"query-input":{"@type":"PropertyValueSpecification","valueRequired":true,"valueName":"search_term_string"}}],"inLanguage":"de"},{"@type":"Organization","@id":"https:\/\/testsystem.meisel-webdesign.de\/home-usetree-sandbox\/#organization","name":"UseTree GmbH","url":"https:\/\/testsystem.meisel-webdesign.de\/home-usetree-sandbox\/","logo":{"@type":"ImageObject","inLanguage":"de","@id":"https:\/\/testsystem.meisel-webdesign.de\/home-usetree-sandbox\/#\/schema\/logo\/image\/","url":"https:\/\/testsystem.meisel-webdesign.de\/home-usetree-sandbox\/wp-content\/uploads\/2021\/04\/Logo-UseTree-Online_black.png","contentUrl":"https:\/\/testsystem.meisel-webdesign.de\/home-usetree-sandbox\/wp-content\/uploads\/2021\/04\/Logo-UseTree-Online_black.png","width":800,"height":800,"caption":"UseTree GmbH"},"image":{"@id":"https:\/\/testsystem.meisel-webdesign.de\/home-usetree-sandbox\/#\/schema\/logo\/image\/"},"sameAs":["https:\/\/www.facebook.com\/UseTree-GmbH-1685725755018065\/","https:\/\/x.com\/UseTreeBerlin","https:\/\/www.instagram.com\/usetree_gmbh\/","https:\/\/www.linkedin.com\/company\/usetree-gmbh\/"]},{"@type":"Person","@id":"https:\/\/testsystem.meisel-webdesign.de\/home-usetree-sandbox\/#\/schema\/person\/46a5501ca36407a9f3d2a4ce0a5b75c0","name":"Redaktion","image":{"@type":"ImageObject","inLanguage":"de","@id":"https:\/\/testsystem.meisel-webdesign.de\/home-usetree-sandbox\/#\/schema\/person\/image\/","url":"https:\/\/secure.gravatar.com\/avatar\/11f11f0e866d6a5bd320914c53b3e9d2?s=96&d=mm&r=g","contentUrl":"https:\/\/secure.gravatar.com\/avatar\/11f11f0e866d6a5bd320914c53b3e9d2?s=96&d=mm&r=g","caption":"Redaktion"},"url":"https:\/\/testsystem.meisel-webdesign.de\/home-usetree-sandbox\/author\/redaktion\/"}]}},"lang":"de","translations":{"de":57302,"en":57374},"pll_sync_post":[],"_links":{"self":[{"href":"https:\/\/testsystem.meisel-webdesign.de\/home-usetree-sandbox\/wp-json\/wp\/v2\/posts\/57302"}],"collection":[{"href":"https:\/\/testsystem.meisel-webdesign.de\/home-usetree-sandbox\/wp-json\/wp\/v2\/posts"}],"about":[{"href":"https:\/\/testsystem.meisel-webdesign.de\/home-usetree-sandbox\/wp-json\/wp\/v2\/types\/post"}],"author":[{"embeddable":true,"href":"https:\/\/testsystem.meisel-webdesign.de\/home-usetree-sandbox\/wp-json\/wp\/v2\/users\/2"}],"replies":[{"embeddable":true,"href":"https:\/\/testsystem.meisel-webdesign.de\/home-usetree-sandbox\/wp-json\/wp\/v2\/comments?post=57302"}],"version-history":[{"count":23,"href":"https:\/\/testsystem.meisel-webdesign.de\/home-usetree-sandbox\/wp-json\/wp\/v2\/posts\/57302\/revisions"}],"predecessor-version":[{"id":57361,"href":"https:\/\/testsystem.meisel-webdesign.de\/home-usetree-sandbox\/wp-json\/wp\/v2\/posts\/57302\/revisions\/57361"}],"wp:featuredmedia":[{"embeddable":true,"href":"https:\/\/testsystem.meisel-webdesign.de\/home-usetree-sandbox\/wp-json\/wp\/v2\/media\/57315"}],"wp:attachment":[{"href":"https:\/\/testsystem.meisel-webdesign.de\/home-usetree-sandbox\/wp-json\/wp\/v2\/media?parent=57302"}],"wp:term":[{"taxonomy":"category","embeddable":true,"href":"https:\/\/testsystem.meisel-webdesign.de\/home-usetree-sandbox\/wp-json\/wp\/v2\/categories?post=57302"},{"taxonomy":"post_tag","embeddable":true,"href":"https:\/\/testsystem.meisel-webdesign.de\/home-usetree-sandbox\/wp-json\/wp\/v2\/tags?post=57302"}],"curies":[{"name":"wp","href":"https:\/\/api.w.org\/{rel}","templated":true}]}}