{"id":54571,"date":"2017-03-27T14:57:01","date_gmt":"2017-03-27T12:57:01","guid":{"rendered":"http:\/\/usetree.de\/?p=54571"},"modified":"2018-11-22T18:02:26","modified_gmt":"2018-11-22T17:02:26","slug":"usetree-auf-der-bosch-connectedworld","status":"publish","type":"post","link":"https:\/\/testsystem.meisel-webdesign.de\/home-usetree-sandbox\/de\/usetree-auf-der-bosch-connectedworld\/","title":{"rendered":"UseTree auf der Bosch ConnectedWorld"},"content":{"rendered":"<p>Im Rahmen des Hackathons durften wir Teil\u00a0eines interessanten UX-Workshops sein, in dem die beiden motivierten Teilnehmer-Gruppen zwei Tage lang die Phasen des Design-Thinking-Prozesses durchlaufen und unterschiedliche Methoden ausprobieren konnten. Als Abschluss wurden den Zuschauern zwei begeisternde Konzeptideen pr\u00e4sentiert, die\u00a0die kreative Arbeit der einzelnen Workshop-Phasen anschaulich widerspiegelte.<\/p>\n<p>Auch konnten wir Einblicke in die gro\u00dfe IoT-Ausstellung gewinnen und den hochwertigen Keynotes lauschen, die den Konferenzteilnehmern aktuelle Fallstudien und Methoden als auch die vision\u00e4ren Ideen der Zukunft zu IoT-Produkten, -Dienstleistungen und -L\u00f6sungen n\u00e4her brachten.<\/p>\n<p>Bildquelle: UseTree<\/p>\n","protected":false},"excerpt":{"rendered":"<p>Vom 15. \u2013 16. M\u00e4rz fand in diesem Jahr in der STATION-Berlin die j\u00e4hrliche IoT-Konferenz \u201eBosch ConnectedWorld\u201c der Bosch-Gruppe statt. In drei Session Tracks, inspirierenden Keynotes, einer gro\u00dfen IoT-Ausstellung und vier Hack Challenges konnten die Teilnehmer ihre Best Pracices rund um das Thema Internet of Things teilen. Und auch wir von UseTee waren dabei!<\/p>\n","protected":false},"author":2,"featured_media":56317,"comment_status":"open","ping_status":"open","sticky":false,"template":"","format":"standard","meta":{"_acf_changed":false,"footnotes":""},"categories":[858,682],"tags":[772,774,776],"acf":[],"yoast_head":"<!-- This site is optimized with the Yoast SEO plugin v24.5 - https:\/\/yoast.com\/wordpress\/plugins\/seo\/ -->\n<title>UseTree auf der Bosch ConnectedWorld - UseTree Sandbox<\/title>\n<meta name=\"robots\" content=\"noindex, follow, max-snippet:-1, max-image-preview:large, max-video-preview:-1\" \/>\n<meta property=\"og:locale\" content=\"de_DE\" \/>\n<meta property=\"og:type\" content=\"article\" \/>\n<meta property=\"og:title\" content=\"UseTree auf der Bosch ConnectedWorld - UseTree Sandbox\" \/>\n<meta property=\"og:description\" content=\"Vom 15. \u2013 16. M\u00e4rz fand in diesem Jahr in der STATION-Berlin die j\u00e4hrliche IoT-Konferenz \u201eBosch ConnectedWorld\u201c der Bosch-Gruppe statt. In drei Session Tracks, inspirierenden Keynotes, einer gro\u00dfen IoT-Ausstellung und vier Hack Challenges konnten die Teilnehmer ihre Best Pracices rund um das Thema Internet of Things teilen. Und auch wir von UseTee waren dabei!\" \/>\n<meta property=\"og:url\" content=\"https:\/\/testsystem.meisel-webdesign.de\/home-usetree-sandbox\/de\/usetree-auf-der-bosch-connectedworld\/\" \/>\n<meta property=\"og:site_name\" content=\"UseTree Sandbox\" \/>\n<meta property=\"article:publisher\" content=\"https:\/\/www.facebook.com\/UseTree-GmbH-1685725755018065\/\" \/>\n<meta property=\"article:published_time\" content=\"2017-03-27T12:57:01+00:00\" \/>\n<meta property=\"article:modified_time\" content=\"2018-11-22T17:02:26+00:00\" \/>\n<meta property=\"og:image\" content=\"https:\/\/testsystem.meisel-webdesign.de\/home-usetree-sandbox\/wp-content\/uploads\/2017\/03\/ConnectedWorld.jpg\" \/>\n\t<meta property=\"og:image:width\" content=\"1200\" \/>\n\t<meta property=\"og:image:height\" content=\"900\" \/>\n\t<meta property=\"og:image:type\" content=\"image\/jpeg\" \/>\n<meta name=\"author\" content=\"Redaktion\" \/>\n<meta name=\"twitter:card\" content=\"summary_large_image\" \/>\n<meta name=\"twitter:creator\" content=\"@UseTreeBerlin\" \/>\n<meta name=\"twitter:site\" content=\"@UseTreeBerlin\" \/>\n<meta name=\"twitter:label1\" content=\"Verfasst von\" \/>\n\t<meta name=\"twitter:data1\" content=\"Redaktion\" \/>\n<script type=\"application\/ld+json\" class=\"yoast-schema-graph\">{\"@context\":\"https:\/\/schema.org\",\"@graph\":[{\"@type\":\"Article\",\"@id\":\"https:\/\/testsystem.meisel-webdesign.de\/home-usetree-sandbox\/de\/usetree-auf-der-bosch-connectedworld\/#article\",\"isPartOf\":{\"@id\":\"https:\/\/testsystem.meisel-webdesign.de\/home-usetree-sandbox\/de\/usetree-auf-der-bosch-connectedworld\/\"},\"author\":{\"name\":\"Redaktion\",\"@id\":\"https:\/\/testsystem.meisel-webdesign.de\/home-usetree-sandbox\/#\/schema\/person\/46a5501ca36407a9f3d2a4ce0a5b75c0\"},\"headline\":\"UseTree auf der Bosch ConnectedWorld\",\"datePublished\":\"2017-03-27T12:57:01+00:00\",\"dateModified\":\"2018-11-22T17:02:26+00:00\",\"mainEntityOfPage\":{\"@id\":\"https:\/\/testsystem.meisel-webdesign.de\/home-usetree-sandbox\/de\/usetree-auf-der-bosch-connectedworld\/\"},\"wordCount\":95,\"commentCount\":0,\"publisher\":{\"@id\":\"https:\/\/testsystem.meisel-webdesign.de\/home-usetree-sandbox\/#organization\"},\"image\":{\"@id\":\"https:\/\/testsystem.meisel-webdesign.de\/home-usetree-sandbox\/de\/usetree-auf-der-bosch-connectedworld\/#primaryimage\"},\"thumbnailUrl\":\"https:\/\/testsystem.meisel-webdesign.de\/home-usetree-sandbox\/wp-content\/uploads\/2017\/03\/ConnectedWorld.jpg\",\"keywords\":[\"IdT\",\"Konferenz\",\"UX-Workshop\"],\"articleSection\":[\"Neues\",\"Veranstaltung\"],\"inLanguage\":\"de\",\"potentialAction\":[{\"@type\":\"CommentAction\",\"name\":\"Comment\",\"target\":[\"https:\/\/testsystem.meisel-webdesign.de\/home-usetree-sandbox\/de\/usetree-auf-der-bosch-connectedworld\/#respond\"]}]},{\"@type\":\"WebPage\",\"@id\":\"https:\/\/testsystem.meisel-webdesign.de\/home-usetree-sandbox\/de\/usetree-auf-der-bosch-connectedworld\/\",\"url\":\"https:\/\/testsystem.meisel-webdesign.de\/home-usetree-sandbox\/de\/usetree-auf-der-bosch-connectedworld\/\",\"name\":\"UseTree auf der Bosch ConnectedWorld - UseTree Sandbox\",\"isPartOf\":{\"@id\":\"https:\/\/testsystem.meisel-webdesign.de\/home-usetree-sandbox\/#website\"},\"primaryImageOfPage\":{\"@id\":\"https:\/\/testsystem.meisel-webdesign.de\/home-usetree-sandbox\/de\/usetree-auf-der-bosch-connectedworld\/#primaryimage\"},\"image\":{\"@id\":\"https:\/\/testsystem.meisel-webdesign.de\/home-usetree-sandbox\/de\/usetree-auf-der-bosch-connectedworld\/#primaryimage\"},\"thumbnailUrl\":\"https:\/\/testsystem.meisel-webdesign.de\/home-usetree-sandbox\/wp-content\/uploads\/2017\/03\/ConnectedWorld.jpg\",\"datePublished\":\"2017-03-27T12:57:01+00:00\",\"dateModified\":\"2018-11-22T17:02:26+00:00\",\"breadcrumb\":{\"@id\":\"https:\/\/testsystem.meisel-webdesign.de\/home-usetree-sandbox\/de\/usetree-auf-der-bosch-connectedworld\/#breadcrumb\"},\"inLanguage\":\"de\",\"potentialAction\":[{\"@type\":\"ReadAction\",\"target\":[\"https:\/\/testsystem.meisel-webdesign.de\/home-usetree-sandbox\/de\/usetree-auf-der-bosch-connectedworld\/\"]}]},{\"@type\":\"ImageObject\",\"inLanguage\":\"de\",\"@id\":\"https:\/\/testsystem.meisel-webdesign.de\/home-usetree-sandbox\/de\/usetree-auf-der-bosch-connectedworld\/#primaryimage\",\"url\":\"https:\/\/testsystem.meisel-webdesign.de\/home-usetree-sandbox\/wp-content\/uploads\/2017\/03\/ConnectedWorld.jpg\",\"contentUrl\":\"https:\/\/testsystem.meisel-webdesign.de\/home-usetree-sandbox\/wp-content\/uploads\/2017\/03\/ConnectedWorld.jpg\",\"width\":1200,\"height\":900},{\"@type\":\"BreadcrumbList\",\"@id\":\"https:\/\/testsystem.meisel-webdesign.de\/home-usetree-sandbox\/de\/usetree-auf-der-bosch-connectedworld\/#breadcrumb\",\"itemListElement\":[{\"@type\":\"ListItem\",\"position\":1,\"name\":\"Startseite\",\"item\":\"https:\/\/testsystem.meisel-webdesign.de\/home-usetree-sandbox\/de\/\"},{\"@type\":\"ListItem\",\"position\":2,\"name\":\"UseTree auf der Bosch ConnectedWorld\"}]},{\"@type\":\"WebSite\",\"@id\":\"https:\/\/testsystem.meisel-webdesign.de\/home-usetree-sandbox\/#website\",\"url\":\"https:\/\/testsystem.meisel-webdesign.de\/home-usetree-sandbox\/\",\"name\":\"UseTree GmbH\",\"description\":\"Wir gestalten Produktl\u00f6sungen: Methodisch. Ganzheitlich. Einzigartig.\",\"publisher\":{\"@id\":\"https:\/\/testsystem.meisel-webdesign.de\/home-usetree-sandbox\/#organization\"},\"potentialAction\":[{\"@type\":\"SearchAction\",\"target\":{\"@type\":\"EntryPoint\",\"urlTemplate\":\"https:\/\/testsystem.meisel-webdesign.de\/home-usetree-sandbox\/?s={search_term_string}\"},\"query-input\":{\"@type\":\"PropertyValueSpecification\",\"valueRequired\":true,\"valueName\":\"search_term_string\"}}],\"inLanguage\":\"de\"},{\"@type\":\"Organization\",\"@id\":\"https:\/\/testsystem.meisel-webdesign.de\/home-usetree-sandbox\/#organization\",\"name\":\"UseTree GmbH\",\"url\":\"https:\/\/testsystem.meisel-webdesign.de\/home-usetree-sandbox\/\",\"logo\":{\"@type\":\"ImageObject\",\"inLanguage\":\"de\",\"@id\":\"https:\/\/testsystem.meisel-webdesign.de\/home-usetree-sandbox\/#\/schema\/logo\/image\/\",\"url\":\"https:\/\/testsystem.meisel-webdesign.de\/home-usetree-sandbox\/wp-content\/uploads\/2021\/04\/Logo-UseTree-Online_black.png\",\"contentUrl\":\"https:\/\/testsystem.meisel-webdesign.de\/home-usetree-sandbox\/wp-content\/uploads\/2021\/04\/Logo-UseTree-Online_black.png\",\"width\":800,\"height\":800,\"caption\":\"UseTree GmbH\"},\"image\":{\"@id\":\"https:\/\/testsystem.meisel-webdesign.de\/home-usetree-sandbox\/#\/schema\/logo\/image\/\"},\"sameAs\":[\"https:\/\/www.facebook.com\/UseTree-GmbH-1685725755018065\/\",\"https:\/\/x.com\/UseTreeBerlin\",\"https:\/\/www.instagram.com\/usetree_gmbh\/\",\"https:\/\/www.linkedin.com\/company\/usetree-gmbh\/\"]},{\"@type\":\"Person\",\"@id\":\"https:\/\/testsystem.meisel-webdesign.de\/home-usetree-sandbox\/#\/schema\/person\/46a5501ca36407a9f3d2a4ce0a5b75c0\",\"name\":\"Redaktion\",\"image\":{\"@type\":\"ImageObject\",\"inLanguage\":\"de\",\"@id\":\"https:\/\/testsystem.meisel-webdesign.de\/home-usetree-sandbox\/#\/schema\/person\/image\/\",\"url\":\"https:\/\/secure.gravatar.com\/avatar\/11f11f0e866d6a5bd320914c53b3e9d2?s=96&d=mm&r=g\",\"contentUrl\":\"https:\/\/secure.gravatar.com\/avatar\/11f11f0e866d6a5bd320914c53b3e9d2?s=96&d=mm&r=g\",\"caption\":\"Redaktion\"},\"url\":\"https:\/\/testsystem.meisel-webdesign.de\/home-usetree-sandbox\/author\/redaktion\/\"}]}<\/script>\n<!-- \/ Yoast SEO plugin. -->","yoast_head_json":{"title":"UseTree auf der Bosch ConnectedWorld - UseTree Sandbox","robots":{"index":"noindex","follow":"follow","max-snippet":"max-snippet:-1","max-image-preview":"max-image-preview:large","max-video-preview":"max-video-preview:-1"},"og_locale":"de_DE","og_type":"article","og_title":"UseTree auf der Bosch ConnectedWorld - UseTree Sandbox","og_description":"Vom 15. \u2013 16. M\u00e4rz fand in diesem Jahr in der STATION-Berlin die j\u00e4hrliche IoT-Konferenz \u201eBosch ConnectedWorld\u201c der Bosch-Gruppe statt. In drei Session Tracks, inspirierenden Keynotes, einer gro\u00dfen IoT-Ausstellung und vier Hack Challenges konnten die Teilnehmer ihre Best Pracices rund um das Thema Internet of Things teilen. Und auch wir von UseTee waren dabei!","og_url":"https:\/\/testsystem.meisel-webdesign.de\/home-usetree-sandbox\/de\/usetree-auf-der-bosch-connectedworld\/","og_site_name":"UseTree Sandbox","article_publisher":"https:\/\/www.facebook.com\/UseTree-GmbH-1685725755018065\/","article_published_time":"2017-03-27T12:57:01+00:00","article_modified_time":"2018-11-22T17:02:26+00:00","og_image":[{"width":1200,"height":900,"url":"https:\/\/testsystem.meisel-webdesign.de\/home-usetree-sandbox\/wp-content\/uploads\/2017\/03\/ConnectedWorld.jpg","type":"image\/jpeg"}],"author":"Redaktion","twitter_card":"summary_large_image","twitter_creator":"@UseTreeBerlin","twitter_site":"@UseTreeBerlin","twitter_misc":{"Verfasst von":"Redaktion"},"schema":{"@context":"https:\/\/schema.org","@graph":[{"@type":"Article","@id":"https:\/\/testsystem.meisel-webdesign.de\/home-usetree-sandbox\/de\/usetree-auf-der-bosch-connectedworld\/#article","isPartOf":{"@id":"https:\/\/testsystem.meisel-webdesign.de\/home-usetree-sandbox\/de\/usetree-auf-der-bosch-connectedworld\/"},"author":{"name":"Redaktion","@id":"https:\/\/testsystem.meisel-webdesign.de\/home-usetree-sandbox\/#\/schema\/person\/46a5501ca36407a9f3d2a4ce0a5b75c0"},"headline":"UseTree auf der Bosch ConnectedWorld","datePublished":"2017-03-27T12:57:01+00:00","dateModified":"2018-11-22T17:02:26+00:00","mainEntityOfPage":{"@id":"https:\/\/testsystem.meisel-webdesign.de\/home-usetree-sandbox\/de\/usetree-auf-der-bosch-connectedworld\/"},"wordCount":95,"commentCount":0,"publisher":{"@id":"https:\/\/testsystem.meisel-webdesign.de\/home-usetree-sandbox\/#organization"},"image":{"@id":"https:\/\/testsystem.meisel-webdesign.de\/home-usetree-sandbox\/de\/usetree-auf-der-bosch-connectedworld\/#primaryimage"},"thumbnailUrl":"https:\/\/testsystem.meisel-webdesign.de\/home-usetree-sandbox\/wp-content\/uploads\/2017\/03\/ConnectedWorld.jpg","keywords":["IdT","Konferenz","UX-Workshop"],"articleSection":["Neues","Veranstaltung"],"inLanguage":"de","potentialAction":[{"@type":"CommentAction","name":"Comment","target":["https:\/\/testsystem.meisel-webdesign.de\/home-usetree-sandbox\/de\/usetree-auf-der-bosch-connectedworld\/#respond"]}]},{"@type":"WebPage","@id":"https:\/\/testsystem.meisel-webdesign.de\/home-usetree-sandbox\/de\/usetree-auf-der-bosch-connectedworld\/","url":"https:\/\/testsystem.meisel-webdesign.de\/home-usetree-sandbox\/de\/usetree-auf-der-bosch-connectedworld\/","name":"UseTree auf der Bosch ConnectedWorld - UseTree Sandbox","isPartOf":{"@id":"https:\/\/testsystem.meisel-webdesign.de\/home-usetree-sandbox\/#website"},"primaryImageOfPage":{"@id":"https:\/\/testsystem.meisel-webdesign.de\/home-usetree-sandbox\/de\/usetree-auf-der-bosch-connectedworld\/#primaryimage"},"image":{"@id":"https:\/\/testsystem.meisel-webdesign.de\/home-usetree-sandbox\/de\/usetree-auf-der-bosch-connectedworld\/#primaryimage"},"thumbnailUrl":"https:\/\/testsystem.meisel-webdesign.de\/home-usetree-sandbox\/wp-content\/uploads\/2017\/03\/ConnectedWorld.jpg","datePublished":"2017-03-27T12:57:01+00:00","dateModified":"2018-11-22T17:02:26+00:00","breadcrumb":{"@id":"https:\/\/testsystem.meisel-webdesign.de\/home-usetree-sandbox\/de\/usetree-auf-der-bosch-connectedworld\/#breadcrumb"},"inLanguage":"de","potentialAction":[{"@type":"ReadAction","target":["https:\/\/testsystem.meisel-webdesign.de\/home-usetree-sandbox\/de\/usetree-auf-der-bosch-connectedworld\/"]}]},{"@type":"ImageObject","inLanguage":"de","@id":"https:\/\/testsystem.meisel-webdesign.de\/home-usetree-sandbox\/de\/usetree-auf-der-bosch-connectedworld\/#primaryimage","url":"https:\/\/testsystem.meisel-webdesign.de\/home-usetree-sandbox\/wp-content\/uploads\/2017\/03\/ConnectedWorld.jpg","contentUrl":"https:\/\/testsystem.meisel-webdesign.de\/home-usetree-sandbox\/wp-content\/uploads\/2017\/03\/ConnectedWorld.jpg","width":1200,"height":900},{"@type":"BreadcrumbList","@id":"https:\/\/testsystem.meisel-webdesign.de\/home-usetree-sandbox\/de\/usetree-auf-der-bosch-connectedworld\/#breadcrumb","itemListElement":[{"@type":"ListItem","position":1,"name":"Startseite","item":"https:\/\/testsystem.meisel-webdesign.de\/home-usetree-sandbox\/de\/"},{"@type":"ListItem","position":2,"name":"UseTree auf der Bosch ConnectedWorld"}]},{"@type":"WebSite","@id":"https:\/\/testsystem.meisel-webdesign.de\/home-usetree-sandbox\/#website","url":"https:\/\/testsystem.meisel-webdesign.de\/home-usetree-sandbox\/","name":"UseTree GmbH","description":"Wir gestalten Produktl\u00f6sungen: Methodisch. Ganzheitlich. Einzigartig.","publisher":{"@id":"https:\/\/testsystem.meisel-webdesign.de\/home-usetree-sandbox\/#organization"},"potentialAction":[{"@type":"SearchAction","target":{"@type":"EntryPoint","urlTemplate":"https:\/\/testsystem.meisel-webdesign.de\/home-usetree-sandbox\/?s={search_term_string}"},"query-input":{"@type":"PropertyValueSpecification","valueRequired":true,"valueName":"search_term_string"}}],"inLanguage":"de"},{"@type":"Organization","@id":"https:\/\/testsystem.meisel-webdesign.de\/home-usetree-sandbox\/#organization","name":"UseTree GmbH","url":"https:\/\/testsystem.meisel-webdesign.de\/home-usetree-sandbox\/","logo":{"@type":"ImageObject","inLanguage":"de","@id":"https:\/\/testsystem.meisel-webdesign.de\/home-usetree-sandbox\/#\/schema\/logo\/image\/","url":"https:\/\/testsystem.meisel-webdesign.de\/home-usetree-sandbox\/wp-content\/uploads\/2021\/04\/Logo-UseTree-Online_black.png","contentUrl":"https:\/\/testsystem.meisel-webdesign.de\/home-usetree-sandbox\/wp-content\/uploads\/2021\/04\/Logo-UseTree-Online_black.png","width":800,"height":800,"caption":"UseTree GmbH"},"image":{"@id":"https:\/\/testsystem.meisel-webdesign.de\/home-usetree-sandbox\/#\/schema\/logo\/image\/"},"sameAs":["https:\/\/www.facebook.com\/UseTree-GmbH-1685725755018065\/","https:\/\/x.com\/UseTreeBerlin","https:\/\/www.instagram.com\/usetree_gmbh\/","https:\/\/www.linkedin.com\/company\/usetree-gmbh\/"]},{"@type":"Person","@id":"https:\/\/testsystem.meisel-webdesign.de\/home-usetree-sandbox\/#\/schema\/person\/46a5501ca36407a9f3d2a4ce0a5b75c0","name":"Redaktion","image":{"@type":"ImageObject","inLanguage":"de","@id":"https:\/\/testsystem.meisel-webdesign.de\/home-usetree-sandbox\/#\/schema\/person\/image\/","url":"https:\/\/secure.gravatar.com\/avatar\/11f11f0e866d6a5bd320914c53b3e9d2?s=96&d=mm&r=g","contentUrl":"https:\/\/secure.gravatar.com\/avatar\/11f11f0e866d6a5bd320914c53b3e9d2?s=96&d=mm&r=g","caption":"Redaktion"},"url":"https:\/\/testsystem.meisel-webdesign.de\/home-usetree-sandbox\/author\/redaktion\/"}]}},"lang":"de","translations":{"de":54571},"pll_sync_post":[],"_links":{"self":[{"href":"https:\/\/testsystem.meisel-webdesign.de\/home-usetree-sandbox\/wp-json\/wp\/v2\/posts\/54571"}],"collection":[{"href":"https:\/\/testsystem.meisel-webdesign.de\/home-usetree-sandbox\/wp-json\/wp\/v2\/posts"}],"about":[{"href":"https:\/\/testsystem.meisel-webdesign.de\/home-usetree-sandbox\/wp-json\/wp\/v2\/types\/post"}],"author":[{"embeddable":true,"href":"https:\/\/testsystem.meisel-webdesign.de\/home-usetree-sandbox\/wp-json\/wp\/v2\/users\/2"}],"replies":[{"embeddable":true,"href":"https:\/\/testsystem.meisel-webdesign.de\/home-usetree-sandbox\/wp-json\/wp\/v2\/comments?post=54571"}],"version-history":[{"count":4,"href":"https:\/\/testsystem.meisel-webdesign.de\/home-usetree-sandbox\/wp-json\/wp\/v2\/posts\/54571\/revisions"}],"predecessor-version":[{"id":56758,"href":"https:\/\/testsystem.meisel-webdesign.de\/home-usetree-sandbox\/wp-json\/wp\/v2\/posts\/54571\/revisions\/56758"}],"wp:featuredmedia":[{"embeddable":true,"href":"https:\/\/testsystem.meisel-webdesign.de\/home-usetree-sandbox\/wp-json\/wp\/v2\/media\/56317"}],"wp:attachment":[{"href":"https:\/\/testsystem.meisel-webdesign.de\/home-usetree-sandbox\/wp-json\/wp\/v2\/media?parent=54571"}],"wp:term":[{"taxonomy":"category","embeddable":true,"href":"https:\/\/testsystem.meisel-webdesign.de\/home-usetree-sandbox\/wp-json\/wp\/v2\/categories?post=54571"},{"taxonomy":"post_tag","embeddable":true,"href":"https:\/\/testsystem.meisel-webdesign.de\/home-usetree-sandbox\/wp-json\/wp\/v2\/tags?post=54571"}],"curies":[{"name":"wp","href":"https:\/\/api.w.org\/{rel}","templated":true}]}}