{"id":4240,"date":"2016-01-19T18:05:36","date_gmt":"2016-01-19T17:05:36","guid":{"rendered":"http:\/\/www.usetree.de\/?p=4240"},"modified":"2018-11-22T18:06:02","modified_gmt":"2018-11-22T17:06:02","slug":"vortrag-zu-usability-massnahmen-an-der-eth-zuerich","status":"publish","type":"post","link":"https:\/\/testsystem.meisel-webdesign.de\/home-usetree-sandbox\/de\/vortrag-zu-usability-massnahmen-an-der-eth-zuerich\/","title":{"rendered":"Vortrag zu Usability Ma\u00dfnahmen an der ETH-Z\u00fcrich"},"content":{"rendered":"<p>W\u00e4hrend gro\u00dfe Konzerne bereits die Wichtigkeit von Ma\u00dfnahmen erkannt haben, die die Usability von Produkten sichern und zu einem positiven Nutzererleben beitragen, tun sich die meisten kleineren und mittelst\u00e4ndischen Firmen damit noch schwer. In seinem Vortrag zur N\u00fctzlichkeit von Usability Ma\u00dfnahmen f\u00fcr KMU stellte Prof. Dr. phil. Manfred Th\u00fcring ausgew\u00e4hlte UseTree Projekte der vergangenen 3 Jahre vor. Thematisiert wurden dabei insbesondere Barrieren und Vorgehensmodelle f\u00fcr KMU, aber auch die \u201eLessons Learned\u201c, die aus den Erfahrungen der letzten Jahre mit kleinen und mittelst\u00e4ndischen Unternehmen gezogen werden konnten.<\/p>\n<p>Die monatlich stattfindenden Fachgespr\u00e4che der UX Schweiz f\u00f6rdern den Austausch zwischen User Experience Designern und Usability Professionals. In Kooperation mit den Schweizer Fachorganisationen f\u00fcr User Experience und Usability und Human Computer Interaction Design werden dabei Erfahrungen ausgetauscht und aktuelle Themen rund um UX vertieft. Die Veranstaltungen finden jeden letzten Donnerstag eines Monats um 18:30 Uhr in der ETH Z\u00fcrich statt. Weitere Informationen finden Sie auf der <a href=\"http:\/\/ux-schweiz.ch\/\">offiziellen Website<\/a>.<\/p>\n<p>Bildquelle: <span class=\"imagecaption\"><a href=\"https:\/\/m.ethz.ch\">ETH Z\u00fcrich<\/a><\/span><\/p>\n","protected":false},"excerpt":{"rendered":"<p>Pr\u00e4sentiert durch UX Schweiz fand am 26. November 2015 der Fachvortrag zum Thema \u201eUsability-Ma\u00dfnahmen f\u00fcr kleine und mittelst\u00e4ndische Unternehmen \u2013 n\u00fctzlich oder \u00fcberfl\u00fcssig?\u201c von Prof. Dr. phil. Manfred Th\u00fcring statt.<\/p>\n","protected":false},"author":2,"featured_media":56299,"comment_status":"open","ping_status":"open","sticky":false,"template":"","format":"standard","meta":{"_acf_changed":false,"footnotes":""},"categories":[682],"tags":[327,345],"acf":[],"yoast_head":"<!-- This site is optimized with the Yoast SEO plugin v24.5 - https:\/\/yoast.com\/wordpress\/plugins\/seo\/ -->\n<title>Vortrag zu Usability Ma\u00dfnahmen an der ETH-Z\u00fcrich - UseTree Sandbox<\/title>\n<meta name=\"robots\" content=\"noindex, follow, max-snippet:-1, max-image-preview:large, max-video-preview:-1\" \/>\n<meta property=\"og:locale\" content=\"de_DE\" \/>\n<meta property=\"og:type\" content=\"article\" \/>\n<meta property=\"og:title\" content=\"Vortrag zu Usability Ma\u00dfnahmen an der ETH-Z\u00fcrich - UseTree Sandbox\" \/>\n<meta property=\"og:description\" content=\"Pr\u00e4sentiert durch UX Schweiz fand am 26. November 2015 der Fachvortrag zum Thema \u201eUsability-Ma\u00dfnahmen f\u00fcr kleine und mittelst\u00e4ndische Unternehmen \u2013 n\u00fctzlich oder \u00fcberfl\u00fcssig?\u201c von Prof. Dr. phil. Manfred Th\u00fcring statt.\" \/>\n<meta property=\"og:url\" content=\"https:\/\/testsystem.meisel-webdesign.de\/home-usetree-sandbox\/de\/vortrag-zu-usability-massnahmen-an-der-eth-zuerich\/\" \/>\n<meta property=\"og:site_name\" content=\"UseTree Sandbox\" \/>\n<meta property=\"article:publisher\" content=\"https:\/\/www.facebook.com\/UseTree-GmbH-1685725755018065\/\" \/>\n<meta property=\"article:published_time\" content=\"2016-01-19T17:05:36+00:00\" \/>\n<meta property=\"article:modified_time\" content=\"2018-11-22T17:06:02+00:00\" \/>\n<meta property=\"og:image\" content=\"https:\/\/testsystem.meisel-webdesign.de\/home-usetree-sandbox\/wp-content\/uploads\/2016\/01\/ETH-Zuerich.jpg\" \/>\n\t<meta property=\"og:image:width\" content=\"1200\" \/>\n\t<meta property=\"og:image:height\" content=\"900\" \/>\n\t<meta property=\"og:image:type\" content=\"image\/jpeg\" \/>\n<meta name=\"author\" content=\"Redaktion\" \/>\n<meta name=\"twitter:card\" content=\"summary_large_image\" \/>\n<meta name=\"twitter:creator\" content=\"@UseTreeBerlin\" \/>\n<meta name=\"twitter:site\" content=\"@UseTreeBerlin\" \/>\n<meta name=\"twitter:label1\" content=\"Verfasst von\" \/>\n\t<meta name=\"twitter:data1\" content=\"Redaktion\" \/>\n\t<meta name=\"twitter:label2\" content=\"Gesch\u00e4tzte Lesezeit\" \/>\n\t<meta name=\"twitter:data2\" content=\"1\u00a0Minute\" \/>\n<script type=\"application\/ld+json\" class=\"yoast-schema-graph\">{\"@context\":\"https:\/\/schema.org\",\"@graph\":[{\"@type\":\"Article\",\"@id\":\"https:\/\/testsystem.meisel-webdesign.de\/home-usetree-sandbox\/de\/vortrag-zu-usability-massnahmen-an-der-eth-zuerich\/#article\",\"isPartOf\":{\"@id\":\"https:\/\/testsystem.meisel-webdesign.de\/home-usetree-sandbox\/de\/vortrag-zu-usability-massnahmen-an-der-eth-zuerich\/\"},\"author\":{\"name\":\"Redaktion\",\"@id\":\"https:\/\/testsystem.meisel-webdesign.de\/home-usetree-sandbox\/#\/schema\/person\/46a5501ca36407a9f3d2a4ce0a5b75c0\"},\"headline\":\"Vortrag zu Usability Ma\u00dfnahmen an der ETH-Z\u00fcrich\",\"datePublished\":\"2016-01-19T17:05:36+00:00\",\"dateModified\":\"2018-11-22T17:06:02+00:00\",\"mainEntityOfPage\":{\"@id\":\"https:\/\/testsystem.meisel-webdesign.de\/home-usetree-sandbox\/de\/vortrag-zu-usability-massnahmen-an-der-eth-zuerich\/\"},\"wordCount\":180,\"commentCount\":0,\"publisher\":{\"@id\":\"https:\/\/testsystem.meisel-webdesign.de\/home-usetree-sandbox\/#organization\"},\"image\":{\"@id\":\"https:\/\/testsystem.meisel-webdesign.de\/home-usetree-sandbox\/de\/vortrag-zu-usability-massnahmen-an-der-eth-zuerich\/#primaryimage\"},\"thumbnailUrl\":\"https:\/\/testsystem.meisel-webdesign.de\/home-usetree-sandbox\/wp-content\/uploads\/2016\/01\/ETH-Zuerich.jpg\",\"keywords\":[\"Usability\",\"KMU\"],\"articleSection\":[\"Veranstaltung\"],\"inLanguage\":\"de\",\"potentialAction\":[{\"@type\":\"CommentAction\",\"name\":\"Comment\",\"target\":[\"https:\/\/testsystem.meisel-webdesign.de\/home-usetree-sandbox\/de\/vortrag-zu-usability-massnahmen-an-der-eth-zuerich\/#respond\"]}]},{\"@type\":\"WebPage\",\"@id\":\"https:\/\/testsystem.meisel-webdesign.de\/home-usetree-sandbox\/de\/vortrag-zu-usability-massnahmen-an-der-eth-zuerich\/\",\"url\":\"https:\/\/testsystem.meisel-webdesign.de\/home-usetree-sandbox\/de\/vortrag-zu-usability-massnahmen-an-der-eth-zuerich\/\",\"name\":\"Vortrag zu Usability Ma\u00dfnahmen an der ETH-Z\u00fcrich - UseTree Sandbox\",\"isPartOf\":{\"@id\":\"https:\/\/testsystem.meisel-webdesign.de\/home-usetree-sandbox\/#website\"},\"primaryImageOfPage\":{\"@id\":\"https:\/\/testsystem.meisel-webdesign.de\/home-usetree-sandbox\/de\/vortrag-zu-usability-massnahmen-an-der-eth-zuerich\/#primaryimage\"},\"image\":{\"@id\":\"https:\/\/testsystem.meisel-webdesign.de\/home-usetree-sandbox\/de\/vortrag-zu-usability-massnahmen-an-der-eth-zuerich\/#primaryimage\"},\"thumbnailUrl\":\"https:\/\/testsystem.meisel-webdesign.de\/home-usetree-sandbox\/wp-content\/uploads\/2016\/01\/ETH-Zuerich.jpg\",\"datePublished\":\"2016-01-19T17:05:36+00:00\",\"dateModified\":\"2018-11-22T17:06:02+00:00\",\"breadcrumb\":{\"@id\":\"https:\/\/testsystem.meisel-webdesign.de\/home-usetree-sandbox\/de\/vortrag-zu-usability-massnahmen-an-der-eth-zuerich\/#breadcrumb\"},\"inLanguage\":\"de\",\"potentialAction\":[{\"@type\":\"ReadAction\",\"target\":[\"https:\/\/testsystem.meisel-webdesign.de\/home-usetree-sandbox\/de\/vortrag-zu-usability-massnahmen-an-der-eth-zuerich\/\"]}]},{\"@type\":\"ImageObject\",\"inLanguage\":\"de\",\"@id\":\"https:\/\/testsystem.meisel-webdesign.de\/home-usetree-sandbox\/de\/vortrag-zu-usability-massnahmen-an-der-eth-zuerich\/#primaryimage\",\"url\":\"https:\/\/testsystem.meisel-webdesign.de\/home-usetree-sandbox\/wp-content\/uploads\/2016\/01\/ETH-Zuerich.jpg\",\"contentUrl\":\"https:\/\/testsystem.meisel-webdesign.de\/home-usetree-sandbox\/wp-content\/uploads\/2016\/01\/ETH-Zuerich.jpg\",\"width\":1200,\"height\":900},{\"@type\":\"BreadcrumbList\",\"@id\":\"https:\/\/testsystem.meisel-webdesign.de\/home-usetree-sandbox\/de\/vortrag-zu-usability-massnahmen-an-der-eth-zuerich\/#breadcrumb\",\"itemListElement\":[{\"@type\":\"ListItem\",\"position\":1,\"name\":\"Startseite\",\"item\":\"https:\/\/testsystem.meisel-webdesign.de\/home-usetree-sandbox\/de\/\"},{\"@type\":\"ListItem\",\"position\":2,\"name\":\"Vortrag zu Usability Ma\u00dfnahmen an der ETH-Z\u00fcrich\"}]},{\"@type\":\"WebSite\",\"@id\":\"https:\/\/testsystem.meisel-webdesign.de\/home-usetree-sandbox\/#website\",\"url\":\"https:\/\/testsystem.meisel-webdesign.de\/home-usetree-sandbox\/\",\"name\":\"UseTree GmbH\",\"description\":\"Wir gestalten Produktl\u00f6sungen: Methodisch. Ganzheitlich. Einzigartig.\",\"publisher\":{\"@id\":\"https:\/\/testsystem.meisel-webdesign.de\/home-usetree-sandbox\/#organization\"},\"potentialAction\":[{\"@type\":\"SearchAction\",\"target\":{\"@type\":\"EntryPoint\",\"urlTemplate\":\"https:\/\/testsystem.meisel-webdesign.de\/home-usetree-sandbox\/?s={search_term_string}\"},\"query-input\":{\"@type\":\"PropertyValueSpecification\",\"valueRequired\":true,\"valueName\":\"search_term_string\"}}],\"inLanguage\":\"de\"},{\"@type\":\"Organization\",\"@id\":\"https:\/\/testsystem.meisel-webdesign.de\/home-usetree-sandbox\/#organization\",\"name\":\"UseTree GmbH\",\"url\":\"https:\/\/testsystem.meisel-webdesign.de\/home-usetree-sandbox\/\",\"logo\":{\"@type\":\"ImageObject\",\"inLanguage\":\"de\",\"@id\":\"https:\/\/testsystem.meisel-webdesign.de\/home-usetree-sandbox\/#\/schema\/logo\/image\/\",\"url\":\"https:\/\/testsystem.meisel-webdesign.de\/home-usetree-sandbox\/wp-content\/uploads\/2021\/04\/Logo-UseTree-Online_black.png\",\"contentUrl\":\"https:\/\/testsystem.meisel-webdesign.de\/home-usetree-sandbox\/wp-content\/uploads\/2021\/04\/Logo-UseTree-Online_black.png\",\"width\":800,\"height\":800,\"caption\":\"UseTree GmbH\"},\"image\":{\"@id\":\"https:\/\/testsystem.meisel-webdesign.de\/home-usetree-sandbox\/#\/schema\/logo\/image\/\"},\"sameAs\":[\"https:\/\/www.facebook.com\/UseTree-GmbH-1685725755018065\/\",\"https:\/\/x.com\/UseTreeBerlin\",\"https:\/\/www.instagram.com\/usetree_gmbh\/\",\"https:\/\/www.linkedin.com\/company\/usetree-gmbh\/\"]},{\"@type\":\"Person\",\"@id\":\"https:\/\/testsystem.meisel-webdesign.de\/home-usetree-sandbox\/#\/schema\/person\/46a5501ca36407a9f3d2a4ce0a5b75c0\",\"name\":\"Redaktion\",\"image\":{\"@type\":\"ImageObject\",\"inLanguage\":\"de\",\"@id\":\"https:\/\/testsystem.meisel-webdesign.de\/home-usetree-sandbox\/#\/schema\/person\/image\/\",\"url\":\"https:\/\/secure.gravatar.com\/avatar\/11f11f0e866d6a5bd320914c53b3e9d2?s=96&d=mm&r=g\",\"contentUrl\":\"https:\/\/secure.gravatar.com\/avatar\/11f11f0e866d6a5bd320914c53b3e9d2?s=96&d=mm&r=g\",\"caption\":\"Redaktion\"},\"url\":\"https:\/\/testsystem.meisel-webdesign.de\/home-usetree-sandbox\/author\/redaktion\/\"}]}<\/script>\n<!-- \/ Yoast SEO plugin. -->","yoast_head_json":{"title":"Vortrag zu Usability Ma\u00dfnahmen an der ETH-Z\u00fcrich - UseTree Sandbox","robots":{"index":"noindex","follow":"follow","max-snippet":"max-snippet:-1","max-image-preview":"max-image-preview:large","max-video-preview":"max-video-preview:-1"},"og_locale":"de_DE","og_type":"article","og_title":"Vortrag zu Usability Ma\u00dfnahmen an der ETH-Z\u00fcrich - UseTree Sandbox","og_description":"Pr\u00e4sentiert durch UX Schweiz fand am 26. November 2015 der Fachvortrag zum Thema \u201eUsability-Ma\u00dfnahmen f\u00fcr kleine und mittelst\u00e4ndische Unternehmen \u2013 n\u00fctzlich oder \u00fcberfl\u00fcssig?\u201c von Prof. Dr. phil. Manfred Th\u00fcring statt.","og_url":"https:\/\/testsystem.meisel-webdesign.de\/home-usetree-sandbox\/de\/vortrag-zu-usability-massnahmen-an-der-eth-zuerich\/","og_site_name":"UseTree Sandbox","article_publisher":"https:\/\/www.facebook.com\/UseTree-GmbH-1685725755018065\/","article_published_time":"2016-01-19T17:05:36+00:00","article_modified_time":"2018-11-22T17:06:02+00:00","og_image":[{"width":1200,"height":900,"url":"https:\/\/testsystem.meisel-webdesign.de\/home-usetree-sandbox\/wp-content\/uploads\/2016\/01\/ETH-Zuerich.jpg","type":"image\/jpeg"}],"author":"Redaktion","twitter_card":"summary_large_image","twitter_creator":"@UseTreeBerlin","twitter_site":"@UseTreeBerlin","twitter_misc":{"Verfasst von":"Redaktion","Gesch\u00e4tzte Lesezeit":"1\u00a0Minute"},"schema":{"@context":"https:\/\/schema.org","@graph":[{"@type":"Article","@id":"https:\/\/testsystem.meisel-webdesign.de\/home-usetree-sandbox\/de\/vortrag-zu-usability-massnahmen-an-der-eth-zuerich\/#article","isPartOf":{"@id":"https:\/\/testsystem.meisel-webdesign.de\/home-usetree-sandbox\/de\/vortrag-zu-usability-massnahmen-an-der-eth-zuerich\/"},"author":{"name":"Redaktion","@id":"https:\/\/testsystem.meisel-webdesign.de\/home-usetree-sandbox\/#\/schema\/person\/46a5501ca36407a9f3d2a4ce0a5b75c0"},"headline":"Vortrag zu Usability Ma\u00dfnahmen an der ETH-Z\u00fcrich","datePublished":"2016-01-19T17:05:36+00:00","dateModified":"2018-11-22T17:06:02+00:00","mainEntityOfPage":{"@id":"https:\/\/testsystem.meisel-webdesign.de\/home-usetree-sandbox\/de\/vortrag-zu-usability-massnahmen-an-der-eth-zuerich\/"},"wordCount":180,"commentCount":0,"publisher":{"@id":"https:\/\/testsystem.meisel-webdesign.de\/home-usetree-sandbox\/#organization"},"image":{"@id":"https:\/\/testsystem.meisel-webdesign.de\/home-usetree-sandbox\/de\/vortrag-zu-usability-massnahmen-an-der-eth-zuerich\/#primaryimage"},"thumbnailUrl":"https:\/\/testsystem.meisel-webdesign.de\/home-usetree-sandbox\/wp-content\/uploads\/2016\/01\/ETH-Zuerich.jpg","keywords":["Usability","KMU"],"articleSection":["Veranstaltung"],"inLanguage":"de","potentialAction":[{"@type":"CommentAction","name":"Comment","target":["https:\/\/testsystem.meisel-webdesign.de\/home-usetree-sandbox\/de\/vortrag-zu-usability-massnahmen-an-der-eth-zuerich\/#respond"]}]},{"@type":"WebPage","@id":"https:\/\/testsystem.meisel-webdesign.de\/home-usetree-sandbox\/de\/vortrag-zu-usability-massnahmen-an-der-eth-zuerich\/","url":"https:\/\/testsystem.meisel-webdesign.de\/home-usetree-sandbox\/de\/vortrag-zu-usability-massnahmen-an-der-eth-zuerich\/","name":"Vortrag zu Usability Ma\u00dfnahmen an der ETH-Z\u00fcrich - UseTree Sandbox","isPartOf":{"@id":"https:\/\/testsystem.meisel-webdesign.de\/home-usetree-sandbox\/#website"},"primaryImageOfPage":{"@id":"https:\/\/testsystem.meisel-webdesign.de\/home-usetree-sandbox\/de\/vortrag-zu-usability-massnahmen-an-der-eth-zuerich\/#primaryimage"},"image":{"@id":"https:\/\/testsystem.meisel-webdesign.de\/home-usetree-sandbox\/de\/vortrag-zu-usability-massnahmen-an-der-eth-zuerich\/#primaryimage"},"thumbnailUrl":"https:\/\/testsystem.meisel-webdesign.de\/home-usetree-sandbox\/wp-content\/uploads\/2016\/01\/ETH-Zuerich.jpg","datePublished":"2016-01-19T17:05:36+00:00","dateModified":"2018-11-22T17:06:02+00:00","breadcrumb":{"@id":"https:\/\/testsystem.meisel-webdesign.de\/home-usetree-sandbox\/de\/vortrag-zu-usability-massnahmen-an-der-eth-zuerich\/#breadcrumb"},"inLanguage":"de","potentialAction":[{"@type":"ReadAction","target":["https:\/\/testsystem.meisel-webdesign.de\/home-usetree-sandbox\/de\/vortrag-zu-usability-massnahmen-an-der-eth-zuerich\/"]}]},{"@type":"ImageObject","inLanguage":"de","@id":"https:\/\/testsystem.meisel-webdesign.de\/home-usetree-sandbox\/de\/vortrag-zu-usability-massnahmen-an-der-eth-zuerich\/#primaryimage","url":"https:\/\/testsystem.meisel-webdesign.de\/home-usetree-sandbox\/wp-content\/uploads\/2016\/01\/ETH-Zuerich.jpg","contentUrl":"https:\/\/testsystem.meisel-webdesign.de\/home-usetree-sandbox\/wp-content\/uploads\/2016\/01\/ETH-Zuerich.jpg","width":1200,"height":900},{"@type":"BreadcrumbList","@id":"https:\/\/testsystem.meisel-webdesign.de\/home-usetree-sandbox\/de\/vortrag-zu-usability-massnahmen-an-der-eth-zuerich\/#breadcrumb","itemListElement":[{"@type":"ListItem","position":1,"name":"Startseite","item":"https:\/\/testsystem.meisel-webdesign.de\/home-usetree-sandbox\/de\/"},{"@type":"ListItem","position":2,"name":"Vortrag zu Usability Ma\u00dfnahmen an der ETH-Z\u00fcrich"}]},{"@type":"WebSite","@id":"https:\/\/testsystem.meisel-webdesign.de\/home-usetree-sandbox\/#website","url":"https:\/\/testsystem.meisel-webdesign.de\/home-usetree-sandbox\/","name":"UseTree GmbH","description":"Wir gestalten Produktl\u00f6sungen: Methodisch. Ganzheitlich. Einzigartig.","publisher":{"@id":"https:\/\/testsystem.meisel-webdesign.de\/home-usetree-sandbox\/#organization"},"potentialAction":[{"@type":"SearchAction","target":{"@type":"EntryPoint","urlTemplate":"https:\/\/testsystem.meisel-webdesign.de\/home-usetree-sandbox\/?s={search_term_string}"},"query-input":{"@type":"PropertyValueSpecification","valueRequired":true,"valueName":"search_term_string"}}],"inLanguage":"de"},{"@type":"Organization","@id":"https:\/\/testsystem.meisel-webdesign.de\/home-usetree-sandbox\/#organization","name":"UseTree GmbH","url":"https:\/\/testsystem.meisel-webdesign.de\/home-usetree-sandbox\/","logo":{"@type":"ImageObject","inLanguage":"de","@id":"https:\/\/testsystem.meisel-webdesign.de\/home-usetree-sandbox\/#\/schema\/logo\/image\/","url":"https:\/\/testsystem.meisel-webdesign.de\/home-usetree-sandbox\/wp-content\/uploads\/2021\/04\/Logo-UseTree-Online_black.png","contentUrl":"https:\/\/testsystem.meisel-webdesign.de\/home-usetree-sandbox\/wp-content\/uploads\/2021\/04\/Logo-UseTree-Online_black.png","width":800,"height":800,"caption":"UseTree GmbH"},"image":{"@id":"https:\/\/testsystem.meisel-webdesign.de\/home-usetree-sandbox\/#\/schema\/logo\/image\/"},"sameAs":["https:\/\/www.facebook.com\/UseTree-GmbH-1685725755018065\/","https:\/\/x.com\/UseTreeBerlin","https:\/\/www.instagram.com\/usetree_gmbh\/","https:\/\/www.linkedin.com\/company\/usetree-gmbh\/"]},{"@type":"Person","@id":"https:\/\/testsystem.meisel-webdesign.de\/home-usetree-sandbox\/#\/schema\/person\/46a5501ca36407a9f3d2a4ce0a5b75c0","name":"Redaktion","image":{"@type":"ImageObject","inLanguage":"de","@id":"https:\/\/testsystem.meisel-webdesign.de\/home-usetree-sandbox\/#\/schema\/person\/image\/","url":"https:\/\/secure.gravatar.com\/avatar\/11f11f0e866d6a5bd320914c53b3e9d2?s=96&d=mm&r=g","contentUrl":"https:\/\/secure.gravatar.com\/avatar\/11f11f0e866d6a5bd320914c53b3e9d2?s=96&d=mm&r=g","caption":"Redaktion"},"url":"https:\/\/testsystem.meisel-webdesign.de\/home-usetree-sandbox\/author\/redaktion\/"}]}},"lang":"de","translations":{"de":4240},"pll_sync_post":[],"_links":{"self":[{"href":"https:\/\/testsystem.meisel-webdesign.de\/home-usetree-sandbox\/wp-json\/wp\/v2\/posts\/4240"}],"collection":[{"href":"https:\/\/testsystem.meisel-webdesign.de\/home-usetree-sandbox\/wp-json\/wp\/v2\/posts"}],"about":[{"href":"https:\/\/testsystem.meisel-webdesign.de\/home-usetree-sandbox\/wp-json\/wp\/v2\/types\/post"}],"author":[{"embeddable":true,"href":"https:\/\/testsystem.meisel-webdesign.de\/home-usetree-sandbox\/wp-json\/wp\/v2\/users\/2"}],"replies":[{"embeddable":true,"href":"https:\/\/testsystem.meisel-webdesign.de\/home-usetree-sandbox\/wp-json\/wp\/v2\/comments?post=4240"}],"version-history":[{"count":4,"href":"https:\/\/testsystem.meisel-webdesign.de\/home-usetree-sandbox\/wp-json\/wp\/v2\/posts\/4240\/revisions"}],"predecessor-version":[{"id":56765,"href":"https:\/\/testsystem.meisel-webdesign.de\/home-usetree-sandbox\/wp-json\/wp\/v2\/posts\/4240\/revisions\/56765"}],"wp:featuredmedia":[{"embeddable":true,"href":"https:\/\/testsystem.meisel-webdesign.de\/home-usetree-sandbox\/wp-json\/wp\/v2\/media\/56299"}],"wp:attachment":[{"href":"https:\/\/testsystem.meisel-webdesign.de\/home-usetree-sandbox\/wp-json\/wp\/v2\/media?parent=4240"}],"wp:term":[{"taxonomy":"category","embeddable":true,"href":"https:\/\/testsystem.meisel-webdesign.de\/home-usetree-sandbox\/wp-json\/wp\/v2\/categories?post=4240"},{"taxonomy":"post_tag","embeddable":true,"href":"https:\/\/testsystem.meisel-webdesign.de\/home-usetree-sandbox\/wp-json\/wp\/v2\/tags?post=4240"}],"curies":[{"name":"wp","href":"https:\/\/api.w.org\/{rel}","templated":true}]}}